{"id":13346,"date":"2022-11-08T22:00:04","date_gmt":"2022-11-09T01:00:04","guid":{"rendered":"https:\/\/hostnetart.com.br\/baixada\/movimento-sindical-exige-que-santander-abone-horas-de-jogos-do-brasil\/"},"modified":"2022-11-08T22:00:04","modified_gmt":"2022-11-09T01:00:04","slug":"movimento-sindical-exige-que-santander-abone-horas-de-jogos-do-brasil","status":"publish","type":"post","link":"https:\/\/hostnetart.com.br\/baixada\/movimento-sindical-exige-que-santander-abone-horas-de-jogos-do-brasil\/","title":{"rendered":"Movimento Sindical exige que Santander abone horas de jogos do Brasil"},"content":{"rendered":"<p>A Confedera\u00e7\u00e3o Nacional dos Trabalhadores do Ramo Financeiro (Contraf-CUT), por meio da Comiss\u00e3o de Organiza\u00e7\u00e3o dos Empregados (COE) do Santander, assim como os sindicatos e federa\u00e7\u00f5es a ela associados, enviou um of\u00edcio ao banco reivindicando que o mesmo se abstenha de exigir a compensa\u00e7\u00e3o das horas n\u00e3o trabalhadas durante os jogos do Brasil na Copa do Mundo 2022. A exig\u00eancia da compensa\u00e7\u00e3o foi comunicada pelo banco na semana passada.<\/p>\n<p>No of\u00edcio enviado ao banco, a representa\u00e7\u00e3o dos trabalhadores salientou que, \u201cat\u00e9 o momento, o Santander \u00e9 o \u00fanico banco que se manifesta no sentido de compensar, o que, mais uma vez, o diferencia negativamente no sistema financeiro.\u201d<\/p>\n<p>\u201cMais uma vez o Santander difere dos seus concorrentes negativamente, impondo uma compensa\u00e7\u00e3o de horas que deveriam ser de conviv\u00eancia coletiva, que poderia inclusive gerar satisfa\u00e7\u00e3o e portanto mais produtividade\u201d, observou a coordenadora da COE\/Santander, Lucimara Malaquias.<\/p>\n<p>Para Lucimara, compensar as horas trabalhadas, nestas situa\u00e7\u00f5es, \u00e9 uma imposi\u00e7\u00e3o descabida e desrespeitosa com a cultura do pa\u00eds. \u201cNeste per\u00edodo de polaridade, momentos de confraterniza\u00e7\u00e3o e conviv\u00eancia coletiva e pac\u00edfica devem ser estimulados por todos, inclusive pelo banco\u201d, disse.<\/p>\n<p>A funcion\u00e1ria da Santander e secret\u00e1ria de Rela\u00e7\u00f5es Internacionais da Contraf-CUT, Rita Berlofa, lembra que a decis\u00e3o de compensar as horas trabalhadas \u00e9 recha\u00e7ada pelos trabalhadores, que demonstram grande insatisfa\u00e7\u00e3o com o fato. \u201cAo manter esta decis\u00e3o, o banco perde uma grande oportunidade de dialogar com os interesses dos trabalhadores e de estimular um ambiente mais integrativo e salutar no espa\u00e7o de trabalho\u201d, disse. \u201cAssistir aos jogos precisa ser um momento de lazer e n\u00e3o de preocupa\u00e7\u00e3o sobre como conciliar agenda pessoal com a compensa\u00e7\u00e3o das horas\u201d, completou.<\/p>\n<p><strong>Fonte: Contraf-CUT<\/strong><\/p>\n","protected":false},"excerpt":{"rendered":"<p>A Confedera\u00e7\u00e3o Nacional dos Trabalhadores do Ramo Financeiro (Contraf-CUT), por meio da Comiss\u00e3o de Organiza\u00e7\u00e3o dos Empregados (COE) do Santander, assim como os sindicatos e federa\u00e7\u00f5es a ela associados, enviou um of\u00edcio ao banco reivindicando que o mesmo se abstenha de exigir a compensa\u00e7\u00e3o das horas n\u00e3o trabalhadas durante os jogos do Brasil na Copa [&hellip;]<\/p>\n","protected":false},"author":2,"featured_media":13345,"comment_status":"","ping_status":"","sticky":false,"template":"","format":"standard","meta":{"footnotes":""},"categories":[3],"tags":[],"class_list":["post-13346","post","type-post","status-publish","format-standard","has-post-thumbnail","hentry","category-noticias"],"_links":{"self":[{"href":"https:\/\/hostnetart.com.br\/baixada\/wp-json\/wp\/v2\/posts\/13346","targetHints":{"allow":["GET"]}}],"collection":[{"href":"https:\/\/hostnetart.com.br\/baixada\/wp-json\/wp\/v2\/posts"}],"about":[{"href":"https:\/\/hostnetart.com.br\/baixada\/wp-json\/wp\/v2\/types\/post"}],"author":[{"embeddable":true,"href":"https:\/\/hostnetart.com.br\/baixada\/wp-json\/wp\/v2\/users\/2"}],"replies":[{"embeddable":true,"href":"https:\/\/hostnetart.com.br\/baixada\/wp-json\/wp\/v2\/comments?post=13346"}],"version-history":[{"count":0,"href":"https:\/\/hostnetart.com.br\/baixada\/wp-json\/wp\/v2\/posts\/13346\/revisions"}],"wp:featuredmedia":[{"embeddable":true,"href":"https:\/\/hostnetart.com.br\/baixada\/wp-json\/wp\/v2\/media\/13345"}],"wp:attachment":[{"href":"https:\/\/hostnetart.com.br\/baixada\/wp-json\/wp\/v2\/media?parent=13346"}],"wp:term":[{"taxonomy":"category","embeddable":true,"href":"https:\/\/hostnetart.com.br\/baixada\/wp-json\/wp\/v2\/categories?post=13346"},{"taxonomy":"post_tag","embeddable":true,"href":"https:\/\/hostnetart.com.br\/baixada\/wp-json\/wp\/v2\/tags?post=13346"}],"curies":[{"name":"wp","href":"https:\/\/api.w.org\/{rel}","templated":true}]}}