{"id":13344,"date":"2022-11-08T03:26:33","date_gmt":"2022-11-08T06:26:33","guid":{"rendered":"https:\/\/hostnetart.com.br\/baixada\/resultado-da-eleicao-presidencial-anuncia-nova-era-para-bancos-publicos\/"},"modified":"2022-11-08T03:26:33","modified_gmt":"2022-11-08T06:26:33","slug":"resultado-da-eleicao-presidencial-anuncia-nova-era-para-bancos-publicos","status":"publish","type":"post","link":"https:\/\/hostnetart.com.br\/baixada\/resultado-da-eleicao-presidencial-anuncia-nova-era-para-bancos-publicos\/","title":{"rendered":"Resultado da elei\u00e7\u00e3o presidencial anuncia nova era para bancos p\u00fablicos"},"content":{"rendered":"<div class=\"elementor-element elementor-element-194680ec elementor-widget elementor-widget-theme-post-content\" data-id=\"194680ec\" data-element_type=\"widget\" data-widget_type=\"theme-post-content.default\">\n<div class=\"elementor-widget-container\">\n<p>Funcion\u00e1rios de bancos p\u00fablicos relatam al\u00edvio com o resultado da elei\u00e7\u00e3o presidencial, por significar o fim do\u00a0<a href=\"https:\/\/oglobo.globo.com\/blogs\/lauro-jardim\/post\/2022\/10\/plano-de-guedes-e-privatizar-as-estatais-intocaveis-veja-quais.ghtml\">plano de privatiza\u00e7\u00e3o<\/a>, promovido pelo atual ministro da Economia Paulo Guedes com o aval do governo Bolsonaro, que j\u00e1 entregou ao mercado Eletrobr\u00e1s e BR Distribuidora, e prometia\u00a0<a href=\"https:\/\/g1.globo.com\/economia\/noticia\/2021\/09\/27\/guedes-defende-petrobras-e-banco-do-brasil-na-fila-de-privatizacoes-dos-proximos-anos.ghtml\">colocar \u201cna fila\u201d outras empresas p\u00fablicas<\/a>, incluindo Petrobras e Banco do Brasil (BB).<\/p>\n<p>\u201cAo longo do mandato de Bolsonaro, foram in\u00fameras as declara\u00e7\u00f5es de ataque contra as empresas p\u00fablicas. Por isso, o resultado da elei\u00e7\u00e3o teve uma import\u00e2ncia especial aos trabalhadores do BB. H\u00e1 al\u00edvio tanto pela perspectiva da manuten\u00e7\u00e3o de nossos empregos, quanto pela import\u00e2ncia para a popula\u00e7\u00e3o de diversas localidades em que a ag\u00eancia do Banco do Brasil \u00e9 a \u00fanica estrutura banc\u00e1ria dispon\u00edvel, e \u00e9 um instrumento de acelera\u00e7\u00e3o da economia local\u201d, destacou a Representante dos Funcion\u00e1rios (Caref) no Conselho de Administra\u00e7\u00e3o do BB, D\u00e9bora Fonseca.<\/p>\n<p>\u201cNossa expectativa \u00e9 que, afastada a trajet\u00f3ria de desmonte em andamento com a venda de subsidi\u00e1rias, caso da Caixa, e redu\u00e7\u00e3o significativa de funcion\u00e1rios e ag\u00eancias, caso do BB, entraremos numa fase de fortalecimento das empresas p\u00fablicas, retomando a miss\u00e3o dessas institui\u00e7\u00f5es como instrumento para o desenvolvimento econ\u00f4mico e redu\u00e7\u00e3o da pobreza\u201d, avaliou ainda o coordenador da Comiss\u00e3o de Empresa dos Funcion\u00e1rios do BB (CEBB), Jo\u00e3o Fukunaga.<\/p>\n<p>Em\u00a0<a href=\"https:\/\/youtu.be\/7zgIFe3xOiY\">entrevista ao canal TVT<\/a>, Maria Rita Serrano, representante dos trabalhadores no Conselho de Administra\u00e7\u00e3o da Caixa, explicou que os bancos p\u00fablicos atuam, basicamente, em duas pontas, nas m\u00e3os do Estado. \u201cPrimeiro, contribuem para o desenvolvimento do pa\u00eds. Quero dizer, sendo um bra\u00e7o do governo, fornecendo as ferramentas ao desenvolvimento do pa\u00eds, com investimentos de m\u00e9dio e longo prazo para infraestrutura, habita\u00e7\u00e3o, agricultura, agroneg\u00f3cio. E, segundo, os bancos p\u00fablicos podem gerar programas sociais, no sentido de melhoria da qualidade de vida da popula\u00e7\u00e3o, por exemplo, com a oferta de microcr\u00e9dito para nichos da sociedade que os bancos privados n\u00e3o atendem\u201d, pontuou.<\/p>\n<p>Rita destacou ainda que o presidente eleito, Luiz In\u00e1cio Lula da silva, disse, por diversas vezes, \u201cque os bancos p\u00fablicos e as empresas p\u00fablicas\u201d voltar\u00e3o a cumprir a fun\u00e7\u00e3o, \u201ccomo foi em seus governos anteriores, de fazer investimentos no pa\u00eds e com isso, l\u00f3gico, contribuir na gera\u00e7\u00e3o de emprego e para tirar a popula\u00e7\u00e3o da mis\u00e9ria\u201d.<\/p>\n<h3><strong>Desafio da reconstru\u00e7\u00e3o<\/strong><\/h3>\n<p><a href=\"https:\/\/www.redebrasilatual.com.br\/politica\/rombo-400-bilhoes-bolsonaro-coloca-jair-quebrou-o-brasil-topo-twitter\/\">Em entrevista recente \u00e0 r\u00e1dio CBN<\/a>, o ex-presidente do Banco Central e ex-ministro da Fazenda, Henrique Meirelles, pr\u00f3ximo \u00e0 equipe de transi\u00e7\u00e3o do governo Lula, declarou que a gest\u00e3o Bolsonaro deixar\u00e1 um rombo de R$ 400 bilh\u00f5es aos cofres p\u00fablicos, fruto de uma pol\u00edtica sistem\u00e1tica \u201cviola\u00e7\u00e3o ao teto de gastos\u201d. O valor, segundo Meirelles, \u00e9 estimado por entidades independentes que apontam para um n\u00famero muito superior aos \u201cR$ 150 bilh\u00f5es que o governo est\u00e1 falando\u201d de d\u00edvidas que ser\u00e3o herdadas pelo pr\u00f3ximo governante.<\/p>\n<p>Diante desse cen\u00e1rio, Fukunaga afirmou que a gest\u00e3o Lula precisar\u00e1 lan\u00e7ar m\u00e3o de muitas ferramentas para colocar o pa\u00eds de volta aos trilhos. \u201cE os bancos p\u00fablicos ter\u00e3o papel fundamental neste processo\u201d, concluiu.\u00a0 \u00a0<\/p>\n<\/div>\n<\/div>\n<div class=\"elementor-element elementor-element-76b46e1 elementor-widget elementor-widget-post-info\" data-id=\"76b46e1\" data-element_type=\"widget\" data-widget_type=\"post-info.default\">\n<div class=\"elementor-widget-container\">\n<p><strong><span class=\"elementor-icon-list-text elementor-post-info__item elementor-post-info__item--type-terms\"><span class=\"elementor-post-info__terms-list\">Fonte: Contraf-CUT<\/span><\/span><\/strong><\/p>\n<\/div>\n<\/div>\n","protected":false},"excerpt":{"rendered":"<p>Funcion\u00e1rios de bancos p\u00fablicos relatam al\u00edvio com o resultado da elei\u00e7\u00e3o presidencial, por significar o fim do\u00a0plano de privatiza\u00e7\u00e3o, promovido pelo atual ministro da Economia Paulo Guedes com o aval do governo Bolsonaro, que j\u00e1 entregou ao mercado Eletrobr\u00e1s e BR Distribuidora, e prometia\u00a0colocar \u201cna fila\u201d outras empresas p\u00fablicas, incluindo Petrobras e Banco do Brasil [&hellip;]<\/p>\n","protected":false},"author":2,"featured_media":13343,"comment_status":"","ping_status":"","sticky":false,"template":"","format":"standard","meta":{"footnotes":""},"categories":[3],"tags":[],"class_list":["post-13344","post","type-post","status-publish","format-standard","has-post-thumbnail","hentry","category-noticias"],"_links":{"self":[{"href":"https:\/\/hostnetart.com.br\/baixada\/wp-json\/wp\/v2\/posts\/13344","targetHints":{"allow":["GET"]}}],"collection":[{"href":"https:\/\/hostnetart.com.br\/baixada\/wp-json\/wp\/v2\/posts"}],"about":[{"href":"https:\/\/hostnetart.com.br\/baixada\/wp-json\/wp\/v2\/types\/post"}],"author":[{"embeddable":true,"href":"https:\/\/hostnetart.com.br\/baixada\/wp-json\/wp\/v2\/users\/2"}],"replies":[{"embeddable":true,"href":"https:\/\/hostnetart.com.br\/baixada\/wp-json\/wp\/v2\/comments?post=13344"}],"version-history":[{"count":0,"href":"https:\/\/hostnetart.com.br\/baixada\/wp-json\/wp\/v2\/posts\/13344\/revisions"}],"wp:featuredmedia":[{"embeddable":true,"href":"https:\/\/hostnetart.com.br\/baixada\/wp-json\/wp\/v2\/media\/13343"}],"wp:attachment":[{"href":"https:\/\/hostnetart.com.br\/baixada\/wp-json\/wp\/v2\/media?parent=13344"}],"wp:term":[{"taxonomy":"category","embeddable":true,"href":"https:\/\/hostnetart.com.br\/baixada\/wp-json\/wp\/v2\/categories?post=13344"},{"taxonomy":"post_tag","embeddable":true,"href":"https:\/\/hostnetart.com.br\/baixada\/wp-json\/wp\/v2\/tags?post=13344"}],"curies":[{"name":"wp","href":"https:\/\/api.w.org\/{rel}","templated":true}]}}