{"id":13340,"date":"2022-11-07T16:49:31","date_gmt":"2022-11-07T19:49:31","guid":{"rendered":"https:\/\/hostnetart.com.br\/baixada\/sindicato-dos-bancarios-da-baixada-fluminense-reintegra-funcionario-do-itau\/"},"modified":"2022-11-07T16:49:31","modified_gmt":"2022-11-07T19:49:31","slug":"sindicato-dos-bancarios-da-baixada-fluminense-reintegra-funcionario-do-itau","status":"publish","type":"post","link":"https:\/\/hostnetart.com.br\/baixada\/sindicato-dos-bancarios-da-baixada-fluminense-reintegra-funcionario-do-itau\/","title":{"rendered":"Sindicato dos Banc\u00e1rios da Baixada Fluminense reintegra funcion\u00e1rio do Ita\u00fa"},"content":{"rendered":"<p>Nesta segunda-feira, 7 de novembro, mais um funcion\u00e1rio do Banco Ita\u00fa foi reintegrado pelo Sindicato dos Banc\u00e1rios da Baixada Fluminense.<\/p>\n<p>Rodrigo Ferreira Nunes foi reintegrado na ag\u00eancia 8019, Via Light.<\/p>\n<p>O banc\u00e1rio, quando foi demitido, estava\u00a0acometido com doen\u00e7a ocupacional, e obteve o deferimento de benef\u00edcio previdenci\u00e1rio.<\/p>\n<p>A reintegra\u00e7\u00e3o foi\u00a0acompanhada por Renata Soeiro, Elizabeth Paradela e M\u00e1rcio Wanderley, diretores do Sindicato.<\/p>\n<p><span style=\"text-decoration: underline;\">IMPORTANTE<\/span><\/p>\n<p>Rodrigo \u00e9 sindicalizado e, logo ap\u00f3s seu desligamento, procurou atendimento no Sindicato dos Banc\u00e1rios da Baixada Fluminense, onde foi prontamente atendido pelos Departamentos Jur\u00eddico e de Sa\u00fade.<\/p>\n<p>\u00c9 fundamental que banc\u00e1rias e banc\u00e1rios, logo que sejam informados de suas demiss\u00f5es, procurem imediatamente atendimento no Sindicato.<\/p>\n<p><strong>SINDICALIZE-SE<\/strong><\/p>\n","protected":false},"excerpt":{"rendered":"<p>Nesta segunda-feira, 7 de novembro, mais um funcion\u00e1rio do Banco Ita\u00fa foi reintegrado pelo Sindicato dos Banc\u00e1rios da Baixada Fluminense. Rodrigo Ferreira Nunes foi reintegrado na ag\u00eancia 8019, Via Light. O banc\u00e1rio, quando foi demitido, estava\u00a0acometido com doen\u00e7a ocupacional, e obteve o deferimento de benef\u00edcio previdenci\u00e1rio. A reintegra\u00e7\u00e3o foi\u00a0acompanhada por Renata Soeiro, Elizabeth Paradela e [&hellip;]<\/p>\n","protected":false},"author":2,"featured_media":13339,"comment_status":"","ping_status":"","sticky":false,"template":"","format":"standard","meta":{"footnotes":""},"categories":[3],"tags":[],"class_list":["post-13340","post","type-post","status-publish","format-standard","has-post-thumbnail","hentry","category-noticias"],"_links":{"self":[{"href":"https:\/\/hostnetart.com.br\/baixada\/wp-json\/wp\/v2\/posts\/13340","targetHints":{"allow":["GET"]}}],"collection":[{"href":"https:\/\/hostnetart.com.br\/baixada\/wp-json\/wp\/v2\/posts"}],"about":[{"href":"https:\/\/hostnetart.com.br\/baixada\/wp-json\/wp\/v2\/types\/post"}],"author":[{"embeddable":true,"href":"https:\/\/hostnetart.com.br\/baixada\/wp-json\/wp\/v2\/users\/2"}],"replies":[{"embeddable":true,"href":"https:\/\/hostnetart.com.br\/baixada\/wp-json\/wp\/v2\/comments?post=13340"}],"version-history":[{"count":0,"href":"https:\/\/hostnetart.com.br\/baixada\/wp-json\/wp\/v2\/posts\/13340\/revisions"}],"wp:featuredmedia":[{"embeddable":true,"href":"https:\/\/hostnetart.com.br\/baixada\/wp-json\/wp\/v2\/media\/13339"}],"wp:attachment":[{"href":"https:\/\/hostnetart.com.br\/baixada\/wp-json\/wp\/v2\/media?parent=13340"}],"wp:term":[{"taxonomy":"category","embeddable":true,"href":"https:\/\/hostnetart.com.br\/baixada\/wp-json\/wp\/v2\/categories?post=13340"},{"taxonomy":"post_tag","embeddable":true,"href":"https:\/\/hostnetart.com.br\/baixada\/wp-json\/wp\/v2\/tags?post=13340"}],"curies":[{"name":"wp","href":"https:\/\/api.w.org\/{rel}","templated":true}]}}