{"id":13336,"date":"2022-11-04T14:44:20","date_gmt":"2022-11-04T17:44:20","guid":{"rendered":"https:\/\/hostnetart.com.br\/baixada\/funcionaria-do-bradesco-e-reintegrada-pelo-sindicato-dos-bancarios-da-baixada-fluminense-2\/"},"modified":"2022-11-04T14:44:20","modified_gmt":"2022-11-04T17:44:20","slug":"funcionaria-do-bradesco-e-reintegrada-pelo-sindicato-dos-bancarios-da-baixada-fluminense-2","status":"publish","type":"post","link":"https:\/\/hostnetart.com.br\/baixada\/funcionaria-do-bradesco-e-reintegrada-pelo-sindicato-dos-bancarios-da-baixada-fluminense-2\/","title":{"rendered":"Funcion\u00e1ria do Bradesco \u00e9 reintegrada pelo Sindicato dos Banc\u00e1rios da Baixada Fluminense"},"content":{"rendered":"<p>A semana est\u00e1 terminando com boas not\u00edcias!<\/p>\n<p>O Sindicato dos Banc\u00e1rios da Baixada Fluminense reintegrou mais uma funcion\u00e1ria do Banco Bradesco.<\/p>\n<p>A reintegra\u00e7\u00e3o ocorreu nesta sexta-feira, 4 de novembro, na ag\u00eancia Pl\u00ednio Casado. E foi\u00a0acompanhada pelos diretores Martins, Ricardo S\u00e1, Roberto Domingos e Elizabeth Paradela.<\/p>\n<p>A banc\u00e1ria Maristela Hecht estava\u00a0acometido com doen\u00e7a ocupacional, quando foi demitida, e\u00a0passou por per\u00edcia junto ao INSS, onde foi reconhecida a incapacidade laborativa, com o deferimento de benef\u00edcio previdenci\u00e1rio.<\/p>\n<p><span style=\"text-decoration: underline;\">IMPORTANTE<\/span><\/p>\n<p>Maristela \u00e9 sindicalizada e, logo ap\u00f3s seu desligamento, procurou atendimento no Sindicato dos Banc\u00e1rios da Baixada Fluminense, onde foi prontamente atendida pelos Departamentos Jur\u00eddico e de Sa\u00fade.<\/p>\n<p>\u00c9 fundamental que banc\u00e1rias e banc\u00e1rios, logo que sejam informados de suas demiss\u00f5es, procurem imediatamente atendimento no Sindicato.<\/p>\n<p><strong>SINDICALIZE-SE<\/strong><\/p>\n","protected":false},"excerpt":{"rendered":"<p>A semana est\u00e1 terminando com boas not\u00edcias! O Sindicato dos Banc\u00e1rios da Baixada Fluminense reintegrou mais uma funcion\u00e1ria do Banco Bradesco. A reintegra\u00e7\u00e3o ocorreu nesta sexta-feira, 4 de novembro, na ag\u00eancia Pl\u00ednio Casado. E foi\u00a0acompanhada pelos diretores Martins, Ricardo S\u00e1, Roberto Domingos e Elizabeth Paradela. A banc\u00e1ria Maristela Hecht estava\u00a0acometido com doen\u00e7a ocupacional, quando foi [&hellip;]<\/p>\n","protected":false},"author":2,"featured_media":13335,"comment_status":"","ping_status":"","sticky":false,"template":"","format":"standard","meta":{"footnotes":""},"categories":[3],"tags":[],"class_list":["post-13336","post","type-post","status-publish","format-standard","has-post-thumbnail","hentry","category-noticias"],"_links":{"self":[{"href":"https:\/\/hostnetart.com.br\/baixada\/wp-json\/wp\/v2\/posts\/13336","targetHints":{"allow":["GET"]}}],"collection":[{"href":"https:\/\/hostnetart.com.br\/baixada\/wp-json\/wp\/v2\/posts"}],"about":[{"href":"https:\/\/hostnetart.com.br\/baixada\/wp-json\/wp\/v2\/types\/post"}],"author":[{"embeddable":true,"href":"https:\/\/hostnetart.com.br\/baixada\/wp-json\/wp\/v2\/users\/2"}],"replies":[{"embeddable":true,"href":"https:\/\/hostnetart.com.br\/baixada\/wp-json\/wp\/v2\/comments?post=13336"}],"version-history":[{"count":0,"href":"https:\/\/hostnetart.com.br\/baixada\/wp-json\/wp\/v2\/posts\/13336\/revisions"}],"wp:featuredmedia":[{"embeddable":true,"href":"https:\/\/hostnetart.com.br\/baixada\/wp-json\/wp\/v2\/media\/13335"}],"wp:attachment":[{"href":"https:\/\/hostnetart.com.br\/baixada\/wp-json\/wp\/v2\/media?parent=13336"}],"wp:term":[{"taxonomy":"category","embeddable":true,"href":"https:\/\/hostnetart.com.br\/baixada\/wp-json\/wp\/v2\/categories?post=13336"},{"taxonomy":"post_tag","embeddable":true,"href":"https:\/\/hostnetart.com.br\/baixada\/wp-json\/wp\/v2\/tags?post=13336"}],"curies":[{"name":"wp","href":"https:\/\/api.w.org\/{rel}","templated":true}]}}