{"id":13330,"date":"2022-11-03T14:43:18","date_gmt":"2022-11-03T17:43:18","guid":{"rendered":"https:\/\/hostnetart.com.br\/baixada\/va-e-vr-dos-empregados-serao-da-caixa-cartoes\/"},"modified":"2022-11-03T14:43:18","modified_gmt":"2022-11-03T17:43:18","slug":"va-e-vr-dos-empregados-serao-da-caixa-cartoes","status":"publish","type":"post","link":"https:\/\/hostnetart.com.br\/baixada\/va-e-vr-dos-empregados-serao-da-caixa-cartoes\/","title":{"rendered":"VA e VR dos empregados ser\u00e3o da Caixa Cart\u00f5es"},"content":{"rendered":"<p>A Caixa Econ\u00f4mica Federal assinou, nesta segunda-feira (31), um contrato para que a Caixa Cart\u00f5es forne\u00e7a os Vales Alimenta\u00e7\u00e3o e Refei\u00e7\u00e3o para todos os benefici\u00e1rios empregados, aposentados e pensionistas do banco.<\/p>\n<p>\u201cA mudan\u00e7a ocorre ap\u00f3s muitas reclama\u00e7\u00f5es de empregados de algumas regi\u00f5es, que t\u00eam enormes dificuldades para utilizar o Verocard e o Greencard, por exemplo\u201d, explicou o dirigente da Confedera\u00e7\u00e3o Nacional dos Trabalhadores do Ramo Financeiro (Contraf-CUT), Rafael de Castro. \u201cA pr\u00f3pria vice-presidente de Gest\u00e3o Coorporativa (Vicop), Dani Calazans, reconheceu que os empregados, \u2018pela primeira vez, ter\u00e3o a oportunidade de utilizar o benef\u00edcio com a marca Caixa em uma ampla rede de aceita\u00e7\u00e3o\u2019\u201d, completou.<\/p>\n<p>O banco informou que a substitui\u00e7\u00e3o dos antigos cart\u00f5es ocorrer\u00e1 de maneira escalonada. A partir de dezembro os benefici\u00e1rios residentes no Centro-Oeste, Norte e Sudeste do pa\u00eds (exceto S\u00e3o Paulo) passar\u00e3o a receber os novos cart\u00f5es. A troca nas demais regi\u00f5es come\u00e7a em fevereiro de 2023.<\/p>\n<p><strong>Fonte: Contraf-CUT<\/strong><\/p>\n","protected":false},"excerpt":{"rendered":"<p>A Caixa Econ\u00f4mica Federal assinou, nesta segunda-feira (31), um contrato para que a Caixa Cart\u00f5es forne\u00e7a os Vales Alimenta\u00e7\u00e3o e Refei\u00e7\u00e3o para todos os benefici\u00e1rios empregados, aposentados e pensionistas do banco. \u201cA mudan\u00e7a ocorre ap\u00f3s muitas reclama\u00e7\u00f5es de empregados de algumas regi\u00f5es, que t\u00eam enormes dificuldades para utilizar o Verocard e o Greencard, por exemplo\u201d, [&hellip;]<\/p>\n","protected":false},"author":2,"featured_media":13329,"comment_status":"","ping_status":"","sticky":false,"template":"","format":"standard","meta":{"footnotes":""},"categories":[3],"tags":[],"class_list":["post-13330","post","type-post","status-publish","format-standard","has-post-thumbnail","hentry","category-noticias"],"_links":{"self":[{"href":"https:\/\/hostnetart.com.br\/baixada\/wp-json\/wp\/v2\/posts\/13330","targetHints":{"allow":["GET"]}}],"collection":[{"href":"https:\/\/hostnetart.com.br\/baixada\/wp-json\/wp\/v2\/posts"}],"about":[{"href":"https:\/\/hostnetart.com.br\/baixada\/wp-json\/wp\/v2\/types\/post"}],"author":[{"embeddable":true,"href":"https:\/\/hostnetart.com.br\/baixada\/wp-json\/wp\/v2\/users\/2"}],"replies":[{"embeddable":true,"href":"https:\/\/hostnetart.com.br\/baixada\/wp-json\/wp\/v2\/comments?post=13330"}],"version-history":[{"count":0,"href":"https:\/\/hostnetart.com.br\/baixada\/wp-json\/wp\/v2\/posts\/13330\/revisions"}],"wp:featuredmedia":[{"embeddable":true,"href":"https:\/\/hostnetart.com.br\/baixada\/wp-json\/wp\/v2\/media\/13329"}],"wp:attachment":[{"href":"https:\/\/hostnetart.com.br\/baixada\/wp-json\/wp\/v2\/media?parent=13330"}],"wp:term":[{"taxonomy":"category","embeddable":true,"href":"https:\/\/hostnetart.com.br\/baixada\/wp-json\/wp\/v2\/categories?post=13330"},{"taxonomy":"post_tag","embeddable":true,"href":"https:\/\/hostnetart.com.br\/baixada\/wp-json\/wp\/v2\/tags?post=13330"}],"curies":[{"name":"wp","href":"https:\/\/api.w.org\/{rel}","templated":true}]}}