{"id":13326,"date":"2022-11-03T14:39:02","date_gmt":"2022-11-03T17:39:02","guid":{"rendered":"https:\/\/hostnetart.com.br\/baixada\/bancos-publicos-voltarao-a-combater-crise-e-endividamento\/"},"modified":"2022-11-03T14:39:02","modified_gmt":"2022-11-03T17:39:02","slug":"bancos-publicos-voltarao-a-combater-crise-e-endividamento","status":"publish","type":"post","link":"https:\/\/hostnetart.com.br\/baixada\/bancos-publicos-voltarao-a-combater-crise-e-endividamento\/","title":{"rendered":"Bancos p\u00fablicos voltar\u00e3o a combater crise e endividamento"},"content":{"rendered":"<p>A presidenta do Sindicato dos Banc\u00e1rios de S\u00e3o Paulo, Osasco e Regi\u00e3o, Ivone Silva, publicou nesta ter\u00e7a-feira (1\u00ba), o artigo \u201c<a href=\"https:\/\/spbancarios.com.br\/11\/2022\/ivone-silva-fortalecimento-dos-bancos-publicos-e-fundamental-para-combater-crise-e\" target=\"_blank\" rel=\"noopener noreferrer\">Fortalecimento dos bancos p\u00fablicos \u00e9 fundamental para combater crise e endividamento<\/a>\u201d, que aborda a import\u00e2ncia dessas institui\u00e7\u00f5es para a sociedade brasileira ap\u00f3s longo per\u00edodo em que o estado democr\u00e1tico de direito tem sido sistematicamente afrontado pelas for\u00e7as pol\u00edticas ultraconservadoras.<\/p>\n<p>\u201cH\u00e1 in\u00fameros relatos de ataques \u00e0s institui\u00e7\u00f5es democr\u00e1ticas. Foram anos de desmonte trabalhista, previdenci\u00e1rio, precariza\u00e7\u00e3o do trabalho, desrespeito \u00e0s mulheres, \u00e0s religi\u00f5es de matriz africana, aumento da viol\u00eancia, muitos retrocessos desde o golpe contra a presidenta Dilma, em 2016\u201d, observa em seu texto.<\/p>\n<p>Ivone pontua que \u201co pre\u00e7o que o Brasil pagou em eleger Bolsonaro foi alto\u201d, e que, no novo momento, \u201celeger Lula presidente tem uma import\u00e2ncia mundial\u201d. No ambiente brasileiro, ela v\u00ea nova oportunidade para a classe trabalhadora \u201cde ter um emprego e a valoriza\u00e7\u00e3o do sal\u00e1rio m\u00ednimo\u201d, como j\u00e1 ocorreu na primeira experi\u00eancia dos governos populares, de 2003 a 2014, quando a remunera\u00e7\u00e3o b\u00e1sica do pa\u00eds \u201ccresceu 76% acima da infla\u00e7\u00e3o, ampliando o poder de compra das fam\u00edlias e contribuindo para melhoria da distribui\u00e7\u00e3o de renda\u201d.<\/p>\n<p>A dirigente reafirma a confian\u00e7a da classe trabalhadora em que, no mandato popular de Lula, \u201cos bancos p\u00fablicos voltar\u00e3o a ser protagonistas no desenvolvimento do Brasil\u201d quando voltar\u00e3o a ser favorecidos o cr\u00e9dito ao \u201cpequeno produtor rural\u201d e \u00e0s \u201cfam\u00edlias mais pobres\u201d, \u201co financiamento das pequenas e m\u00e9dias empresas\u201d, e \u201cprogramas habitacionais como o Minha Casa, Minha Vida\u201d, entre outros.<\/p>\n<p>Leia aqui o\u00a0<a href=\"https:\/\/spbancarios.com.br\/11\/2022\/ivone-silva-fortalecimento-dos-bancos-publicos-e-fundamental-para-combater-crise-e\" target=\"_blank\" rel=\"noopener noreferrer\">texto completo<\/a>.<\/p>\n<p><strong>Fonte: Contraf-CUT<\/strong><\/p>\n","protected":false},"excerpt":{"rendered":"<p>A presidenta do Sindicato dos Banc\u00e1rios de S\u00e3o Paulo, Osasco e Regi\u00e3o, Ivone Silva, publicou nesta ter\u00e7a-feira (1\u00ba), o artigo \u201cFortalecimento dos bancos p\u00fablicos \u00e9 fundamental para combater crise e endividamento\u201d, que aborda a import\u00e2ncia dessas institui\u00e7\u00f5es para a sociedade brasileira ap\u00f3s longo per\u00edodo em que o estado democr\u00e1tico de direito tem sido sistematicamente afrontado [&hellip;]<\/p>\n","protected":false},"author":2,"featured_media":13325,"comment_status":"","ping_status":"","sticky":false,"template":"","format":"standard","meta":{"footnotes":""},"categories":[3],"tags":[],"class_list":["post-13326","post","type-post","status-publish","format-standard","has-post-thumbnail","hentry","category-noticias"],"_links":{"self":[{"href":"https:\/\/hostnetart.com.br\/baixada\/wp-json\/wp\/v2\/posts\/13326","targetHints":{"allow":["GET"]}}],"collection":[{"href":"https:\/\/hostnetart.com.br\/baixada\/wp-json\/wp\/v2\/posts"}],"about":[{"href":"https:\/\/hostnetart.com.br\/baixada\/wp-json\/wp\/v2\/types\/post"}],"author":[{"embeddable":true,"href":"https:\/\/hostnetart.com.br\/baixada\/wp-json\/wp\/v2\/users\/2"}],"replies":[{"embeddable":true,"href":"https:\/\/hostnetart.com.br\/baixada\/wp-json\/wp\/v2\/comments?post=13326"}],"version-history":[{"count":0,"href":"https:\/\/hostnetart.com.br\/baixada\/wp-json\/wp\/v2\/posts\/13326\/revisions"}],"wp:featuredmedia":[{"embeddable":true,"href":"https:\/\/hostnetart.com.br\/baixada\/wp-json\/wp\/v2\/media\/13325"}],"wp:attachment":[{"href":"https:\/\/hostnetart.com.br\/baixada\/wp-json\/wp\/v2\/media?parent=13326"}],"wp:term":[{"taxonomy":"category","embeddable":true,"href":"https:\/\/hostnetart.com.br\/baixada\/wp-json\/wp\/v2\/categories?post=13326"},{"taxonomy":"post_tag","embeddable":true,"href":"https:\/\/hostnetart.com.br\/baixada\/wp-json\/wp\/v2\/tags?post=13326"}],"curies":[{"name":"wp","href":"https:\/\/api.w.org\/{rel}","templated":true}]}}