{"id":13320,"date":"2022-11-01T18:21:32","date_gmt":"2022-11-01T21:21:32","guid":{"rendered":"https:\/\/hostnetart.com.br\/baixada\/caixa-pretende-reduzir-representatividade-dos-empregados-na-funcef\/"},"modified":"2022-11-01T18:21:32","modified_gmt":"2022-11-01T21:21:32","slug":"caixa-pretende-reduzir-representatividade-dos-empregados-na-funcef","status":"publish","type":"post","link":"https:\/\/hostnetart.com.br\/baixada\/caixa-pretende-reduzir-representatividade-dos-empregados-na-funcef\/","title":{"rendered":"Caixa pretende reduzir representatividade dos empregados na Funcef"},"content":{"rendered":"<p>Os diretores da Funda\u00e7\u00e3o dos Economi\u00e1rios Federais (Funcef) eleitos pelo movimento \u2018Juntos \u2013 A Funcef \u00e9 dos Participantes\u2019, revelam que a representatividade dos participantes da Funda\u00e7\u00e3o est\u00e1 sendo alvo de ataques sistem\u00e1ticos, de forma a reduzir o poder dos leg\u00edtimos donos do patrim\u00f4nio, o que pode afetar direitos que os empregados conquistaram ao longo de d\u00e9cadas de luta.<\/p>\n<p>Atualmente, as decis\u00f5es s\u00e3o tomadas por tr\u00eas diretores indicados pelo governo e dois eleitos pelos empregados, restringindo a representatividade dos participantes e impondo a vontade do governo.<\/p>\n<p>Segundo os representantes dos participantes, \u00e9 poss\u00edvel aos indicados a utiliza\u00e7\u00e3o da vantagem tempor\u00e1ria, superveniente do Estatuto, como m\u00e9todo desequilibrado para o tratamento de quest\u00f5es sens\u00edveis, sem considerar o ponto dos participantes.<\/p>\n<p>De acordo com o diretor de Benef\u00edcios, Jair Pedro Ferreira, entre as amea\u00e7as colocadas est\u00e1 a retirada de atribui\u00e7\u00f5es e \u00e1reas dos participantes na gest\u00e3o da Funda\u00e7\u00e3o. \u201cIsso se d\u00e1 atrav\u00e9s da modifica\u00e7\u00e3o das estruturas organizacionais e de cl\u00e1usulas previdenci\u00e1rias para ret\u00ea-las sob controle \u00fanico e centralizado, podendo torn\u00e1-las prejudiciais aos participantes e favor\u00e1vel \u00e0 agenda da patrocinadora\u201d, explicou.<\/p>\n<p>Para o movimento, \u00e9 evidente o uso da pr\u00e1tica antidemocr\u00e1tica para esconder temas sens\u00edveis, em vota\u00e7\u00f5es que j\u00e1 se sabe o resultado, sem chance de desempate e nas quais n\u00e3o tem sido necess\u00e1rio nem a utiliza\u00e7\u00e3o do \u201cvoto de qualidade\u201d que desgastaria os indicados.<\/p>\n<p>Em face destes acontecimentos, os representantes dos participantes reiteram a defesa da democracia e dos participantes e est\u00e3o estudando, no interesse coletivo, respostas firmes que possam restituir o debate democr\u00e1tico e garantir a defesa dos direitos.<\/p>\n<p><strong>Fonte:\u00a0Fenae, com edi\u00e7\u00f5es da Contraf-CUT<\/strong><\/p>\n","protected":false},"excerpt":{"rendered":"<p>Os diretores da Funda\u00e7\u00e3o dos Economi\u00e1rios Federais (Funcef) eleitos pelo movimento \u2018Juntos \u2013 A Funcef \u00e9 dos Participantes\u2019, revelam que a representatividade dos participantes da Funda\u00e7\u00e3o est\u00e1 sendo alvo de ataques sistem\u00e1ticos, de forma a reduzir o poder dos leg\u00edtimos donos do patrim\u00f4nio, o que pode afetar direitos que os empregados conquistaram ao longo de [&hellip;]<\/p>\n","protected":false},"author":2,"featured_media":13319,"comment_status":"","ping_status":"","sticky":false,"template":"","format":"standard","meta":{"footnotes":""},"categories":[3],"tags":[],"class_list":["post-13320","post","type-post","status-publish","format-standard","has-post-thumbnail","hentry","category-noticias"],"_links":{"self":[{"href":"https:\/\/hostnetart.com.br\/baixada\/wp-json\/wp\/v2\/posts\/13320","targetHints":{"allow":["GET"]}}],"collection":[{"href":"https:\/\/hostnetart.com.br\/baixada\/wp-json\/wp\/v2\/posts"}],"about":[{"href":"https:\/\/hostnetart.com.br\/baixada\/wp-json\/wp\/v2\/types\/post"}],"author":[{"embeddable":true,"href":"https:\/\/hostnetart.com.br\/baixada\/wp-json\/wp\/v2\/users\/2"}],"replies":[{"embeddable":true,"href":"https:\/\/hostnetart.com.br\/baixada\/wp-json\/wp\/v2\/comments?post=13320"}],"version-history":[{"count":0,"href":"https:\/\/hostnetart.com.br\/baixada\/wp-json\/wp\/v2\/posts\/13320\/revisions"}],"wp:featuredmedia":[{"embeddable":true,"href":"https:\/\/hostnetart.com.br\/baixada\/wp-json\/wp\/v2\/media\/13319"}],"wp:attachment":[{"href":"https:\/\/hostnetart.com.br\/baixada\/wp-json\/wp\/v2\/media?parent=13320"}],"wp:term":[{"taxonomy":"category","embeddable":true,"href":"https:\/\/hostnetart.com.br\/baixada\/wp-json\/wp\/v2\/categories?post=13320"},{"taxonomy":"post_tag","embeddable":true,"href":"https:\/\/hostnetart.com.br\/baixada\/wp-json\/wp\/v2\/tags?post=13320"}],"curies":[{"name":"wp","href":"https:\/\/api.w.org\/{rel}","templated":true}]}}