{"id":13318,"date":"2022-11-01T18:11:43","date_gmt":"2022-11-01T21:11:43","guid":{"rendered":"https:\/\/hostnetart.com.br\/baixada\/experiencias-brasileiras-podem-contribuir-com-a-luta-mundial-dos-trabalhadores\/"},"modified":"2022-11-01T18:11:43","modified_gmt":"2022-11-01T21:11:43","slug":"experiencias-brasileiras-podem-contribuir-com-a-luta-mundial-dos-trabalhadores","status":"publish","type":"post","link":"https:\/\/hostnetart.com.br\/baixada\/experiencias-brasileiras-podem-contribuir-com-a-luta-mundial-dos-trabalhadores\/","title":{"rendered":"Experi\u00eancias brasileiras podem contribuir com a luta mundial dos trabalhadores"},"content":{"rendered":"<p>A delega\u00e7\u00e3o com mais de 30 representantes da\u00a0<em>UNI Global Union<\/em>, da\u00a0<em>Progressive International\u00a0<\/em>e da Confedera\u00e7\u00e3o Sindical de Trabalhadores e Trabalhadoras das Am\u00e9ricas (CSA), que ficou no Brasil de quinta-feira (27) a domingo (30) para acompanhar as elei\u00e7\u00f5es para a Presid\u00eancia da Rep\u00fablica, levar\u00e3o para seus pa\u00edses experi\u00eancias luta e resist\u00eancia dos trabalhadores contra cortes de seus direitos trabalhistas e sociais decorrentes de pol\u00edticas neoliberais executadas por um governo de inspira\u00e7\u00e3o fascista, mas tamb\u00e9m de organiza\u00e7\u00e3o e solidariedade com a popula\u00e7\u00e3o mais empobrecida. Esta \u00e9 opini\u00e3o da secret\u00e1ria de Rela\u00e7\u00f5es Internacionais da Confedera\u00e7\u00e3o Nacional dos Trabalhadores do Ramo Financeiro (Contraf-CUT), Rita Berlofa, que tamb\u00e9m \u00e9 presidenta da UNI Finan\u00e7as Mundial.<\/p>\n<p>\u201cFoi uma experi\u00eancia extremamente rica porque eles puderam ver qual \u00e9 o resultado da falta de prioridade \u00e0s pol\u00edticas p\u00fablicas, com congelamento e corte de recursos para as \u00e1reas da sa\u00fade, educa\u00e7\u00e3o e habita\u00e7\u00e3o, por exemplo, tudo em nome de uma ideologia que prega o estado m\u00ednimo e n\u00e3o h\u00e1 qualquer compromisso com a classe trabalhadora e a popula\u00e7\u00e3o mais pobre\u201d, avaliou a dirigente da Contraf-CUT. \u201cMuitos deles j\u00e1 tinham vindo ao Brasil, mas agora eles puderam ver que aumentou muito a quantidade de pessoas morando nas ruas, sem emprego e nem o que comer\u201d, completou.<\/p>\n<h3><strong>Exemplos de luta, resist\u00eancia e solidariedade<\/strong><\/h3>\n<p>Mas, para Rita, al\u00e9m de ver de perto os estragos causados na sociedade brasileira pelo governo Bolsonaro, as reuni\u00f5es com movimentos populares, visitas \u00e0s comunidades, acampamentos e escolas de forma\u00e7\u00e3o possibilitaram que eles pudessem, tamb\u00e9m ver que \u00e9 poss\u00edvel se contrapor a estas pol\u00edticas quando existe organiza\u00e7\u00e3o, resist\u00eancia e solidariedade entre os trabalhadores.<\/p>\n<p>\u201cPropiciamos a eles o contato com a organiza\u00e7\u00e3o e o trabalho realizado por grandes entidades do movimento sindical e social no Brasil que podem ajudar na reflex\u00e3o e amplia\u00e7\u00e3o da organiza\u00e7\u00e3o para a luta internacional dos trabalhadores contra a expans\u00e3o do pensamento fascista no mundo\u201d, disse Rita. \u201cPrecisamos denunciar para o mundo os estragos causados pela pol\u00edtica neoliberal e fascista e tamb\u00e9m as experi\u00eancias de luta e organiza\u00e7\u00e3o contra este tipo de pol\u00edtica. Mostrar que, como aconteceu no Brasil, \u00e9 preciso venc\u00ea-la, mesmo diante das not\u00edcias falsas que eles espalham at\u00e9 que muita gente acredite nas mentiras espalhadas\u201d, completou.<\/p>\n<p>Para a secret\u00e1ria de Pol\u00edticas Sociais da CSA, Jordania Ure\u00f1a, as elei\u00e7\u00f5es no Brasil s\u00e3o extremamente importantes porque \u00e9 preciso barrar o crescimento acelerado do fascismo em todo o mundo. \u201cMuitas coisas dependem das elei\u00e7\u00f5es brasileiras, como a solidariedade internacional entre os movimentos sociais e sindicais\u201d, disse. \u201cAl\u00e9m disso, percebemos que o povo brasileiro est\u00e1 sedento por democracia, que \u00e9 o que povo precisa. Vimos constantes viola\u00e7\u00f5es das estruturas e golpes \u00e0 pr\u00f3pria democracia, que demorou tanto para que muitos de nossos povos a constru\u00edssem e, em um piscar de olhos, podemos perd\u00ea-la\u201d, disse.<\/p>\n<p>Ela defende que toda a classe trabalhadora se una em prol desse processo hist\u00f3rico que o Brasil vive. \u201cEsta vit\u00f3ria do Lula representa um elo importante no andamento dessa luta contra o \u00f3dio, contra o fascismo, contra a misoginia, contra a viol\u00eancia, que s\u00e3o promovidos pelos governos fascistas. Viemos ao Brasil porque acreditamos na unidade dos povos\u201d, concluiu.<\/p>\n<p><strong>Fonte: Contraf-CUT<\/strong><\/p>\n","protected":false},"excerpt":{"rendered":"<p>A delega\u00e7\u00e3o com mais de 30 representantes da\u00a0UNI Global Union, da\u00a0Progressive International\u00a0e da Confedera\u00e7\u00e3o Sindical de Trabalhadores e Trabalhadoras das Am\u00e9ricas (CSA), que ficou no Brasil de quinta-feira (27) a domingo (30) para acompanhar as elei\u00e7\u00f5es para a Presid\u00eancia da Rep\u00fablica, levar\u00e3o para seus pa\u00edses experi\u00eancias luta e resist\u00eancia dos trabalhadores contra cortes de seus [&hellip;]<\/p>\n","protected":false},"author":2,"featured_media":13317,"comment_status":"","ping_status":"","sticky":false,"template":"","format":"standard","meta":{"footnotes":""},"categories":[3],"tags":[],"class_list":["post-13318","post","type-post","status-publish","format-standard","has-post-thumbnail","hentry","category-noticias"],"_links":{"self":[{"href":"https:\/\/hostnetart.com.br\/baixada\/wp-json\/wp\/v2\/posts\/13318","targetHints":{"allow":["GET"]}}],"collection":[{"href":"https:\/\/hostnetart.com.br\/baixada\/wp-json\/wp\/v2\/posts"}],"about":[{"href":"https:\/\/hostnetart.com.br\/baixada\/wp-json\/wp\/v2\/types\/post"}],"author":[{"embeddable":true,"href":"https:\/\/hostnetart.com.br\/baixada\/wp-json\/wp\/v2\/users\/2"}],"replies":[{"embeddable":true,"href":"https:\/\/hostnetart.com.br\/baixada\/wp-json\/wp\/v2\/comments?post=13318"}],"version-history":[{"count":0,"href":"https:\/\/hostnetart.com.br\/baixada\/wp-json\/wp\/v2\/posts\/13318\/revisions"}],"wp:featuredmedia":[{"embeddable":true,"href":"https:\/\/hostnetart.com.br\/baixada\/wp-json\/wp\/v2\/media\/13317"}],"wp:attachment":[{"href":"https:\/\/hostnetart.com.br\/baixada\/wp-json\/wp\/v2\/media?parent=13318"}],"wp:term":[{"taxonomy":"category","embeddable":true,"href":"https:\/\/hostnetart.com.br\/baixada\/wp-json\/wp\/v2\/categories?post=13318"},{"taxonomy":"post_tag","embeddable":true,"href":"https:\/\/hostnetart.com.br\/baixada\/wp-json\/wp\/v2\/tags?post=13318"}],"curies":[{"name":"wp","href":"https:\/\/api.w.org\/{rel}","templated":true}]}}