{"id":13316,"date":"2022-10-31T17:50:07","date_gmt":"2022-10-31T20:50:07","guid":{"rendered":"https:\/\/hostnetart.com.br\/baixada\/trabalhadores-do-itau-conquistam-anistia-total-das-horas-negativas\/"},"modified":"2022-10-31T17:50:07","modified_gmt":"2022-10-31T20:50:07","slug":"trabalhadores-do-itau-conquistam-anistia-total-das-horas-negativas","status":"publish","type":"post","link":"https:\/\/hostnetart.com.br\/baixada\/trabalhadores-do-itau-conquistam-anistia-total-das-horas-negativas\/","title":{"rendered":"Trabalhadores do Ita\u00fa conquistam anistia total das horas negativas"},"content":{"rendered":"<p>Os trabalhadores que n\u00e3o conseguiram compensar as horas negativas at\u00e9 esta segunda-feira (31), ter\u00e3o o banco de horas anistiado completamente. A conquista foi negociada entre a Comiss\u00e3o de Organiza\u00e7\u00e3o dos Empregados (COE) do Ita\u00fa e a dire\u00e7\u00e3o do banco, em reuni\u00e3o realizada na \u00faltima sexta-feira (28).<\/p>\n<p>O acordo de banco de horas negativas foi negociado para garantir os direitos dos trabalhadores que foram afastados ou colocados em regime de rod\u00edzio nas ag\u00eancias, por conta da pandemia de coronav\u00edrus.<\/p>\n<p>O acordo de compensa\u00e7\u00e3o das horas negativas, assinado em fevereiro de 2021, previa que os banc\u00e1rios teriam um per\u00edodo de 18 meses, a partir do m\u00eas de mar\u00e7o seguinte, com o limite de duas horas por dia, para compensar as horas que faltavam. Este acordo seria revisado a cada tr\u00eas meses, podendo ser prorrogado em mais seis meses, caso os trabalhadores n\u00e3o conseguissem zerar a d\u00edvida de horas.<\/p>\n<p>Para Jair Alves, coordenador da COE, foi um \u00f3timo caminho para solucionar um problema t\u00e3o grande e inesperado. \u201cEste encerramento mostra como este acordo decisivo foi acertado, ao ser negociado num momento muito dif\u00edcil para a classe trabalhadora e para todo o mundo.\u201d<\/p>\n<p>Todos os membros do COE salientaram como a boa rela\u00e7\u00e3o que constru\u00edram com o departamento do banco foi positiva para os trabalhadores. \u201cAinda temos muitos pontos pela frente para negociar, como o parcelamento de d\u00edvidas, PCR e teletrabalho\u201d, concluiu Jair.<\/p>\n<p><strong>Fonte: Contraf-CUT<\/strong><\/p>\n","protected":false},"excerpt":{"rendered":"<p>Os trabalhadores que n\u00e3o conseguiram compensar as horas negativas at\u00e9 esta segunda-feira (31), ter\u00e3o o banco de horas anistiado completamente. A conquista foi negociada entre a Comiss\u00e3o de Organiza\u00e7\u00e3o dos Empregados (COE) do Ita\u00fa e a dire\u00e7\u00e3o do banco, em reuni\u00e3o realizada na \u00faltima sexta-feira (28). O acordo de banco de horas negativas foi negociado [&hellip;]<\/p>\n","protected":false},"author":2,"featured_media":13315,"comment_status":"","ping_status":"","sticky":false,"template":"","format":"standard","meta":{"footnotes":""},"categories":[3],"tags":[],"class_list":["post-13316","post","type-post","status-publish","format-standard","has-post-thumbnail","hentry","category-noticias"],"_links":{"self":[{"href":"https:\/\/hostnetart.com.br\/baixada\/wp-json\/wp\/v2\/posts\/13316","targetHints":{"allow":["GET"]}}],"collection":[{"href":"https:\/\/hostnetart.com.br\/baixada\/wp-json\/wp\/v2\/posts"}],"about":[{"href":"https:\/\/hostnetart.com.br\/baixada\/wp-json\/wp\/v2\/types\/post"}],"author":[{"embeddable":true,"href":"https:\/\/hostnetart.com.br\/baixada\/wp-json\/wp\/v2\/users\/2"}],"replies":[{"embeddable":true,"href":"https:\/\/hostnetart.com.br\/baixada\/wp-json\/wp\/v2\/comments?post=13316"}],"version-history":[{"count":0,"href":"https:\/\/hostnetart.com.br\/baixada\/wp-json\/wp\/v2\/posts\/13316\/revisions"}],"wp:featuredmedia":[{"embeddable":true,"href":"https:\/\/hostnetart.com.br\/baixada\/wp-json\/wp\/v2\/media\/13315"}],"wp:attachment":[{"href":"https:\/\/hostnetart.com.br\/baixada\/wp-json\/wp\/v2\/media?parent=13316"}],"wp:term":[{"taxonomy":"category","embeddable":true,"href":"https:\/\/hostnetart.com.br\/baixada\/wp-json\/wp\/v2\/categories?post=13316"},{"taxonomy":"post_tag","embeddable":true,"href":"https:\/\/hostnetart.com.br\/baixada\/wp-json\/wp\/v2\/tags?post=13316"}],"curies":[{"name":"wp","href":"https:\/\/api.w.org\/{rel}","templated":true}]}}