{"id":13312,"date":"2022-10-28T03:16:55","date_gmt":"2022-10-28T06:16:55","guid":{"rendered":"https:\/\/hostnetart.com.br\/baixada\/delegacao-internacional-de-sindicalistas-visita-a-cut\/"},"modified":"2022-10-28T03:16:55","modified_gmt":"2022-10-28T06:16:55","slug":"delegacao-internacional-de-sindicalistas-visita-a-cut","status":"publish","type":"post","link":"https:\/\/hostnetart.com.br\/baixada\/delegacao-internacional-de-sindicalistas-visita-a-cut\/","title":{"rendered":"Delega\u00e7\u00e3o internacional de sindicalistas visita a CUT"},"content":{"rendered":"<p>Uma delega\u00e7\u00e3o com mais de 30 representantes da\u00a0<em>UNI Global Union<\/em>, da\u00a0<em>Progressive International<\/em>\u00a0e da Central Sindical das Am\u00e9ricas (CSA) chegou ao Brasil nesta quinta-feira (27) e fica no pa\u00eds at\u00e9 domingo (30) para acompanhar as elei\u00e7\u00f5es para a Presid\u00eancia da Rep\u00fablica. Uma das preocupa\u00e7\u00f5es \u00e9 com o aumento do ass\u00e9dio eleitoral e com os riscos ao regime democr\u00e1tico. Al\u00e9m dos sindicalistas, representantes do parlamento brit\u00e2nico tamb\u00e9m fazem parte da comitiva.<\/p>\n<p>Na tarde desta quinta-feira, a delega\u00e7\u00e3o internacional se reuniu com representantes da Central \u00danica dos Trabalhadores e da Confedera\u00e7\u00e3o Nacional dos Trabalhadores do Ramo Financeiro (Contraf-CUT) na sede da CUT, em S\u00e3o Paulo. \u201c\u00c9 uma honra receber uma delega\u00e7\u00e3o internacional t\u00e3o importante, que foi fundamental para a liberta\u00e7\u00e3o do Lula, que permitiu que ele disputasse a elei\u00e7\u00e3o deste ano\u201d, disse o presidente da CUT, S\u00e9rgio Nobre.<\/p>\n<h3>Ass\u00e9dio eleitoral<\/h3>\n<p>Um balan\u00e7o do Minist\u00e9rio P\u00fablico do Trabalho (MPT) aponta que houve um aumento de 670,3% das den\u00fancias de ass\u00e9dio eleitoral no Brasil na compara\u00e7\u00e3o entre as elei\u00e7\u00f5es de 2018 (212 den\u00fancias) com a deste ano (1.633 den\u00fancias). Na regi\u00e3o Sudeste do pa\u00eds foi registrada o maior n\u00famero de den\u00fancias (684). O estado onde houve mais den\u00fancias foi Minas Gerais (449). No Sul do pa\u00eds foram registradas 457 den\u00fancias, sendo o Paran\u00e1 o estado com o maior registro (184) \u2013 veja\u00a0<a href=\"https:\/\/contrafcut.com.br\/assedio-eleitoral-mpt-2022-26102022-as-11h30-1\/\" target=\"_blank\" rel=\"noopener noreferrer\">tabela completa<\/a>\u00a0por estado e regi\u00e3o.<\/p>\n<p>\u201c\u00c9 um absurdo o que estamos vendo em nosso pa\u00eds em pleno s\u00e9culo 21. Empres\u00e1rios pressionando seus empregados a votarem em determinado candidato\u201d, disse indignada a brasileira, secret\u00e1ria de Rela\u00e7\u00f5es internacionais da Contraf-CUT e presidenta da UNI Finan\u00e7as Mundial, Rita Berlofa, que recepciona a delega\u00e7\u00e3o internacional. \u201cCoagir, amea\u00e7ar ou prometer benef\u00edcios para que os funcion\u00e1rios votem em determinado candidato \u00e9 ass\u00e9dio eleitoral. Esta pr\u00e1tica se configura como crime e p\u00f5e em risco o regime democr\u00e1tico\u201d, completou.<\/p>\n<h3>Riscos para o Brasil e o mundo<\/h3>\n<p>A parlamentar brit\u00e2nica Zarah Sultana (Partido Trabalhista) refor\u00e7ou a posi\u00e7\u00e3o da dirigente da Contraf-CUT. \u201cTudo o que estamos ouvindo sobre os riscos \u00e0 democracia e a destrui\u00e7\u00e3o ambiental no Brasil nos deixa muito preocupados\u201d, disse.<\/p>\n<p>Laura Tonis, coordenadora do Projeto Justi\u00e7a e Paz, uma institui\u00e7\u00e3o de caridade da Inglaterra, disse que \u201c\u00e9 importante mostrarmos o que est\u00e1 aconteceu com Lula e o que est\u00e1 acontecendo no Brasil, ap\u00f3s um golpe de lawfare (emprego de manobras jur\u00eddico-legais como substituto de for\u00e7a armada) para impedir que isso se repita em outras partes do mundo\u201d.<\/p>\n<p>A secret\u00e1ria-geral da UNI Global Union, Christy Hoffman, observou que o que acontece no Brasil j\u00e1 foi visto nos Estados Unidos, com Donald Trump. \u201cEle perdeu as elei\u00e7\u00f5es, mas convenceu muita gente que ele ganhou. Temos que tomar cuidado para que isso n\u00e3o se repita aqui no Brasil\u201d, disse. \u201cMas, todo o mundo est\u00e1 vendo o que est\u00e1 acontecendo aqui e sabe que o Lula \u00e9 um her\u00f3i\u201d, completou.<\/p>\n<p>A secret\u00e1ria de Pol\u00edticas Sociais da Confedera\u00e7\u00e3o Sindical de Trabalhadores e Trabalhadoras das Am\u00e9ricas (CSA), Jordania Ure\u00f1a, refor\u00e7ou a posi\u00e7\u00e3o de Christy. \u201cA vit\u00f3ria do Lula ser\u00e1 uma vit\u00f3ria dos trabalhadores do mundo todo\u201d, disse. \u201cE esta nossa visita aqui \u00e9 um exerc\u00edcio que fazemos hoje para o fortalecimento do movimento sindical mundial\u201d, completou.<\/p>\n<h3>Depois das elei\u00e7\u00f5es<\/h3>\n<p>O presidente da CUT lembrou que \u00e9 preciso pensar no p\u00f3s-elei\u00e7\u00e3o. \u201cEst\u00e1 sendo um desafio vencer a elei\u00e7\u00f5es em uma disputa contra a m\u00e1quina p\u00fablica, que liberou bilh\u00f5es de reais no meio do processo eleitoral. Mas, a vit\u00f3ria precisa ir al\u00e9m para vencermos este pensamento fascista que desrespeita as mulheres, os negros, os trabalhadores e discrimina tantos outros grupos sociais\u201d, disse. \u201cPara isso, \u00e9 importante que o governo Lula, logo no in\u00edcio, tome medidas para mudar o grave quadro de crise social e econ\u00f4mica que o pa\u00eds vive\u201d, completou.<\/p>\n<p>O deputado brit\u00e2nico Jeremy Corbyn lembrou, tamb\u00e9m, que \u00e9 preciso ampliar o movimento sindical. \u201cEm visitas que fizemos a outros pa\u00edses da Am\u00e9rica Latina, vimos que muitos jovens trabalhadores n\u00e3o sabem sequer onde ficam as sedes das empresas para as quais trabalham e est\u00e3o totalmente alheios das pautas sindicais e das lutas por seus direitos. Precisamos inclu\u00ed-los na organiza\u00e7\u00e3o sindical para termos mais for\u00e7a. Al\u00e9m disso, eles s\u00e3o o sindicalismo do futuro\u201d, disse.<\/p>\n<h3>Continuidade<\/h3>\n<p>A delega\u00e7\u00e3o internacional permanece no Brasil at\u00e9 domingo. Entre outras atividades, nesta sexta-feira (28) haver\u00e1 uma visita \u00e0 cozinha solid\u00e1ria do Movimento dos Trabalhadores Sem Teto, em Santo Andr\u00e9-SP, e no s\u00e1bado a delega\u00e7\u00e3o viaja at\u00e9 Guararema, no interior Paulista, onde visita a Escola Nacional de Forma\u00e7\u00e3o do Movimento dos Sem Terra. No domingo eles acompanham as elei\u00e7\u00f5es, at\u00e9 a divulga\u00e7\u00e3o do resultado das urnas.<\/p>\n<p><strong>UNI Global Union<\/strong><br \/>Entidade sindical mundial que representa mais de 20 milh\u00f5es de trabalhadores do setor servi\u00e7os em 150 pa\u00edses. https:\/\/uniglobalunion.org\/<\/p>\n<p><strong>Internacional Progressista<\/strong><br \/>Organiza\u00e7\u00e3o que re\u00fane entidades e grupos de ativistas progressistas de todo o mundo. https:\/\/progressive.international\/<\/p>\n<p><strong>Confedera\u00e7\u00e3o Sindical das Am\u00e9ricas (CSA)<\/strong><br \/>A Confedera\u00e7\u00e3o Sindical de Trabalhadores e Trabalhadoras das Am\u00e9ricas (CSA) congrega 48 organiza\u00e7\u00f5es nacionais de 21 pa\u00edses, que representam a 55 milh\u00f5es de trabalhadores. \u00c9 a organiza\u00e7\u00e3o regional da Confedera\u00e7\u00e3o Sindical Internacional (CSI). https:\/\/csa-csi.org\/.<\/p>\n<p><strong>Fonte: Contraf-CUT<\/strong><\/p>\n","protected":false},"excerpt":{"rendered":"<p>Uma delega\u00e7\u00e3o com mais de 30 representantes da\u00a0UNI Global Union, da\u00a0Progressive International\u00a0e da Central Sindical das Am\u00e9ricas (CSA) chegou ao Brasil nesta quinta-feira (27) e fica no pa\u00eds at\u00e9 domingo (30) para acompanhar as elei\u00e7\u00f5es para a Presid\u00eancia da Rep\u00fablica. Uma das preocupa\u00e7\u00f5es \u00e9 com o aumento do ass\u00e9dio eleitoral e com os riscos ao [&hellip;]<\/p>\n","protected":false},"author":2,"featured_media":13311,"comment_status":"","ping_status":"","sticky":false,"template":"","format":"standard","meta":{"footnotes":""},"categories":[3],"tags":[],"class_list":["post-13312","post","type-post","status-publish","format-standard","has-post-thumbnail","hentry","category-noticias"],"_links":{"self":[{"href":"https:\/\/hostnetart.com.br\/baixada\/wp-json\/wp\/v2\/posts\/13312","targetHints":{"allow":["GET"]}}],"collection":[{"href":"https:\/\/hostnetart.com.br\/baixada\/wp-json\/wp\/v2\/posts"}],"about":[{"href":"https:\/\/hostnetart.com.br\/baixada\/wp-json\/wp\/v2\/types\/post"}],"author":[{"embeddable":true,"href":"https:\/\/hostnetart.com.br\/baixada\/wp-json\/wp\/v2\/users\/2"}],"replies":[{"embeddable":true,"href":"https:\/\/hostnetart.com.br\/baixada\/wp-json\/wp\/v2\/comments?post=13312"}],"version-history":[{"count":0,"href":"https:\/\/hostnetart.com.br\/baixada\/wp-json\/wp\/v2\/posts\/13312\/revisions"}],"wp:featuredmedia":[{"embeddable":true,"href":"https:\/\/hostnetart.com.br\/baixada\/wp-json\/wp\/v2\/media\/13311"}],"wp:attachment":[{"href":"https:\/\/hostnetart.com.br\/baixada\/wp-json\/wp\/v2\/media?parent=13312"}],"wp:term":[{"taxonomy":"category","embeddable":true,"href":"https:\/\/hostnetart.com.br\/baixada\/wp-json\/wp\/v2\/categories?post=13312"},{"taxonomy":"post_tag","embeddable":true,"href":"https:\/\/hostnetart.com.br\/baixada\/wp-json\/wp\/v2\/tags?post=13312"}],"curies":[{"name":"wp","href":"https:\/\/api.w.org\/{rel}","templated":true}]}}