{"id":1331,"date":"2014-05-29T00:00:00","date_gmt":"2014-05-29T03:00:00","guid":{"rendered":"https:\/\/hostnetart.com.br\/baixada\/comissao-do-senado-aprova-projeto-da-carteira-de-trabalho-eletronica\/"},"modified":"2014-05-29T00:00:00","modified_gmt":"2014-05-29T03:00:00","slug":"comissao-do-senado-aprova-projeto-da-carteira-de-trabalho-eletronica","status":"publish","type":"post","link":"https:\/\/hostnetart.com.br\/baixada\/comissao-do-senado-aprova-projeto-da-carteira-de-trabalho-eletronica\/","title":{"rendered":"Comiss\u00e3o do Senado aprova projeto da carteira de trabalho eletr\u00f4nica"},"content":{"rendered":"<p>A emiss\u00e3o da Carteira de Trabalho e Previd\u00eancia Social (CTPS) por meio eletr\u00f4nico pode passar a ser uma alternativa \u00e0 disposi\u00e7\u00e3o dos trabalhadores. De autoria do senador licenciado Blairo Maggi (PR-MT), projeto com essa finalidade foi aprovado pela Comiss\u00e3o de Assuntos Sociais (CAS) nesta quarta-feira (28).<\/p>\n<p>A mat\u00e9ria (PLS 466\/2013), que foi aprovada na CAS em decis\u00e3o terminativa, dever\u00e1 seguir agora para exame da C\u00e2mara dos Deputados, a menos que haja recurso para que a \u00faltima vota\u00e7\u00e3o no Senado ocorra em Plen\u00e1rio. O relat\u00f3rio, com voto pela aprova\u00e7\u00e3o, foi do senador Armando Monteiro (PTB-PE).<\/p>\n<p>Pelo texto, a emiss\u00e3o eletr\u00f4nica depender\u00e1 de requerimento escrito do empregado, o que torna opcional essa modalidade de identifica\u00e7\u00e3o. Regulamento a ser elaborado pelo Minist\u00e9rio do Trabalho e Emprego ir\u00e1 estabelecer a forma do documento e disciplinar\u00e1 a transfer\u00eancia das informa\u00e7\u00f5es contidas no documento f\u00edsico para o meio eletr\u00f4nico.<\/p>\n<p>Blairo observa, na justifica\u00e7\u00e3o, que o formato atual do documento n\u00e3o acompanhou a evolu\u00e7\u00e3o dos meios de armazenamento de informa\u00e7\u00f5es. Salientou, ainda, que o uso de instrumentos tecnol\u00f3gicos pode proteger os dados trabalhistas e previdenci\u00e1rios de eventuais perdas e deteriora\u00e7\u00f5es.<\/p>\n<p>Armando Monteiro, na an\u00e1lise, considera que a proposta representa um est\u00edmulo ao avan\u00e7o da utiliza\u00e7\u00e3o da inform\u00e1tica no processo de moderniza\u00e7\u00e3o das rela\u00e7\u00f5es de trabalho. A seu ver, a CTPS eletr\u00f4nica tamb\u00e9m pode ajudar a reduzir a informalidade no trabalho, fraudes na concess\u00e3o de benef\u00edcios previdenci\u00e1rios e do Seguro-Desemprego, al\u00e9m de ampliar aplica\u00e7\u00f5es em outros programas sociais.<\/p>\n<p>Fonte: Ag\u00eancia Senado<\/p>\n","protected":false},"excerpt":{"rendered":"<p>A emiss\u00e3o da Carteira de Trabalho e Previd\u00eancia Social (CTPS) por meio eletr\u00f4nico pode passar a ser uma alternativa \u00e0 disposi\u00e7\u00e3o dos trabalhadores. De autoria do senador licenciado Blairo Maggi (PR-MT), projeto com essa finalidade foi aprovado pela Comiss\u00e3o de Assuntos Sociais (CAS) nesta quarta-feira (28). A mat\u00e9ria (PLS 466\/2013), que foi aprovada na CAS [&hellip;]<\/p>\n","protected":false},"author":1,"featured_media":0,"comment_status":"","ping_status":"","sticky":false,"template":"","format":"standard","meta":{"footnotes":""},"categories":[3],"tags":[],"class_list":["post-1331","post","type-post","status-publish","format-standard","hentry","category-noticias"],"_links":{"self":[{"href":"https:\/\/hostnetart.com.br\/baixada\/wp-json\/wp\/v2\/posts\/1331","targetHints":{"allow":["GET"]}}],"collection":[{"href":"https:\/\/hostnetart.com.br\/baixada\/wp-json\/wp\/v2\/posts"}],"about":[{"href":"https:\/\/hostnetart.com.br\/baixada\/wp-json\/wp\/v2\/types\/post"}],"author":[{"embeddable":true,"href":"https:\/\/hostnetart.com.br\/baixada\/wp-json\/wp\/v2\/users\/1"}],"replies":[{"embeddable":true,"href":"https:\/\/hostnetart.com.br\/baixada\/wp-json\/wp\/v2\/comments?post=1331"}],"version-history":[{"count":0,"href":"https:\/\/hostnetart.com.br\/baixada\/wp-json\/wp\/v2\/posts\/1331\/revisions"}],"wp:attachment":[{"href":"https:\/\/hostnetart.com.br\/baixada\/wp-json\/wp\/v2\/media?parent=1331"}],"wp:term":[{"taxonomy":"category","embeddable":true,"href":"https:\/\/hostnetart.com.br\/baixada\/wp-json\/wp\/v2\/categories?post=1331"},{"taxonomy":"post_tag","embeddable":true,"href":"https:\/\/hostnetart.com.br\/baixada\/wp-json\/wp\/v2\/tags?post=1331"}],"curies":[{"name":"wp","href":"https:\/\/api.w.org\/{rel}","templated":true}]}}