{"id":13306,"date":"2022-10-27T18:06:38","date_gmt":"2022-10-27T21:06:38","guid":{"rendered":"https:\/\/hostnetart.com.br\/baixada\/imprensa-divulga-relatorio-secreto-de-assedio-na-caixa\/"},"modified":"2022-10-27T18:06:38","modified_gmt":"2022-10-27T21:06:38","slug":"imprensa-divulga-relatorio-secreto-de-assedio-na-caixa","status":"publish","type":"post","link":"https:\/\/hostnetart.com.br\/baixada\/imprensa-divulga-relatorio-secreto-de-assedio-na-caixa\/","title":{"rendered":"Imprensa divulga \u201crelat\u00f3rio secreto\u201d de ass\u00e9dio na Caixa"},"content":{"rendered":"<p>O Jornal Nacional, da TV Globo, veiculou, na ter\u00e7a-feira (25), uma reportagem sobre o relat\u00f3rio da corregedoria da Caixa Econ\u00f4mica Federal sobre as acusa\u00e7\u00f5es contra Pedro Guimar\u00e3es, ex-presidente do banco, e informa que existem fortes ind\u00edcios de que houve realmente ass\u00e9dio moral e sexual. A reportagem informa que o relat\u00f3rio tem 500 p\u00e1ginas e divulgou trechos documento.<\/p>\n<p>Em um dos trechos divulgados pela TV Globo, a corregedoria da Caixa diz que \u201cdos fatos relatados pelos entrevistados e depoentes, corroborados pelos demais elementos de prova, \u00e9 poss\u00edvel afirmar que h\u00e1 ind\u00edcios de pr\u00e1ticas irregulares de \u00edndole sexual. E ao que tudo aponta, teriam sido praticadas de forma reiterada e se utilizando das mais variadas formas de express\u00e3o (f\u00edsica, gestual ou verbal) e valendo-se, inclusive, e em especial, da condi\u00e7\u00e3o de presidente da empresa\u201d.<\/p>\n<p>Em outro trecho, a corregedoria da Caixa diz que \u201cos relatos exp\u00f5em uma gest\u00e3o pautada na cultura de medo, comunica\u00e7\u00e3o violenta, inseguran\u00e7a, manipula\u00e7\u00e3o, intransig\u00eancia e permiss\u00e3o ao ass\u00e9dio.\u201d<\/p>\n<p>Para o empregado da Caixa e dirigente da Confedera\u00e7\u00e3o Nacional dos Trabalhadores do Ramo Financeiro (Contraf-CUT), Rafael de Castro, o resultado j\u00e1 era esperado. \u201cPelo que vemos no dia das empregadas e empregados da Caixa e den\u00fancias que recebemos, somado ao que j\u00e1 foi divulgado pela imprensa, j\u00e1 t\u00ednhamos no\u00e7\u00e3o do que haveria neste relat\u00f3rio. O problema \u00e9 que, mais uma vez, tenha sido a imprensa que tenha divulgado a informa\u00e7\u00e3o e n\u00e3o o pr\u00f3prio banco\u201d, lamentou.<\/p>\n<h3><strong>Uso eleitoral da Caixa<\/strong><\/h3>\n<p>Para a tamb\u00e9m empregada da Caixa e diretora da Contraf-CUT, Eliana Brasil, o fato de o banco n\u00e3o divulgar o resultado da apura\u00e7\u00e3o feita pela corregedoria gera suspeitas sobre sua gest\u00e3o. \u201c\u00c9 poss\u00edvel perceber que est\u00e3o acobertando os crimes de ass\u00e9dio praticados pelo Pedro Guimar\u00e3es na tentativa de se evitar preju\u00edzos \u00e0 imagem do candidato \u00e0 reelei\u00e7\u00e3o do atual presidente da Rep\u00fablica, que tinha no ex-presidente da Caixa seu bra\u00e7o direito\u201d, disse a diretora da Contraf-CUT, ao lembrar que Pedro Guimar\u00e3es chegou a ser cogitado para ser o candidato \u00e0 vice-presid\u00eancia da Rep\u00fablica na chapa do atual presidente. \u201cE \u00e9 bom lembrar, que, dias atr\u00e1s, Bolsonaro disse n\u00e3o ter visto nada contundente nas acusa\u00e7\u00f5es contra Pedro Guimar\u00e3es\u201d, completou.<\/p>\n<p>A Contraf-CUT e a Federa\u00e7\u00e3o Nacional das Associa\u00e7\u00f5es do Pessoal da Caixa (Fenae) v\u00eam cobrando, reiteradas vezes, que a Caixa divulgue o resultado das apura\u00e7\u00f5es feitas pela corregedoria interna e tamb\u00e9m pela consultoria independente contratada pelo banco para fazer uma apura\u00e7\u00e3o paralela. \u201cQuando a Daniella (Marques) assumiu a presid\u00eancia da Caixa, em meio ao turbilh\u00e3o gerado pela divulga\u00e7\u00e3o pela imprensa das den\u00fancias contra Pedro Guimar\u00e3es, prometeu que a apura\u00e7\u00e3o seria r\u00e1pida e que, se confirmadas as acusa\u00e7\u00f5es, a puni\u00e7\u00e3o seria r\u00edgida. Mas, j\u00e1 se passaram quase quatro meses e nada de divulga\u00e7\u00e3o dos resultados da apura\u00e7\u00e3o, que n\u00e3o apenas j\u00e1 est\u00e1 em poder da dire\u00e7\u00e3o da Caixa, como tamb\u00e9m da imprensa\u201d, disse Rafael de Castro. \u201c\u00c9 uma falta de compromisso e de respeito com os empregados e com toda a sociedade\u201d, completou.<\/p>\n<h3><strong>Ass\u00e9dio sexual \u00e9 crime!<\/strong><\/h3>\n<p>O presidente da Federa\u00e7\u00e3o Nacional das Associa\u00e7\u00f5es do Pessoal da Caixa (Fenae), Sergio Takemoto, lembra que, no Brasil, o\u00a0<a href=\"https:\/\/www.tst.jus.br\/assedio-sexual\" target=\"_blank\" rel=\"noopener noreferrer\">ass\u00e9dio sexual \u00e9 crime<\/a>, definido no artigo 216-A do C\u00f3digo Penal, que prev\u00ea a pena de deten\u00e7\u00e3o de um a dois anos. \u201cN\u00e3o se pode \u2018passar a m\u00e3o na cabe\u00e7a\u2019 somente porque se trata de um ex-presidente do banco. Se \u00e9 culpado, deve responder na Justi\u00e7a comum pelo que fez, uma vez que o ass\u00e9dio sexual \u00e9 um crime com pena prevista no C\u00f3digo Penal\u201d, disse.<\/p>\n<p><strong>Entenda o caso<\/strong><\/p>\n<p>Pedro Guimar\u00e3es foi acusado de ass\u00e9dio sexual por v\u00e1rias empregadas da Caixa. A informa\u00e7\u00e3o foi divulgada no dia 28 de junho de 2022 pelo\u00a0<a href=\"https:\/\/www.metropoles.com\/colunas\/rodrigo-rangel\/exclusivo-funcionarias-denunciam-presidente-da-caixa-por-assedio-sexual\" target=\"_blank\" rel=\"noopener noreferrer\">site Metr\u00f3poles<\/a>. Em poucos minutos a not\u00edcia ganhou repercuss\u00e3o nacional, em especial na C\u00e2mara dos Deputados, onde v\u00e1rios parlamentares pediram em plen\u00e1rio a demiss\u00e3o do executivo.<\/p>\n<p>Segundo a reportagem, no fim de 2021, um grupo de empregadas, ligadas ao gabinete da presid\u00eancia da Caixa, rompeu o sil\u00eancio com uma den\u00fancia, ao Minist\u00e9rio P\u00fablico Federal (MPF), de ass\u00e9dios sexuais que vinham sofrendo. Desde ent\u00e3o, o MPF toca as investiga\u00e7\u00f5es em sigilo. Cinco das v\u00edtimas falaram \u00e0 reportagem citada sob anonimato.<\/p>\n<p>Nos testemunhos, elas contam que foram abusadas com toques em partes \u00edntimas sem consentimento, falas e abordagens inconvenientes e convites desrespeitosos, por parte do ent\u00e3o presidente da entidade. A maior parte dos relatos est\u00e1 ligada a atividades do programa Caixa Mais Brasil, realizadas em todo o pa\u00eds. Pelo programa, desde 2019, ocorreram mais de 140 viagens, em que estavam Pedro Guimar\u00e3es e equipe. Nesses eventos profissionais, todos ficavam no mesmo hotel, onde ocorriam os ass\u00e9dios.<\/p>\n<p>No dia 29 de junho, Pedro Guimar\u00e3es entregou ao presidente da Rep\u00fablica, Jair Bolsonaro, seu\u00a0<a href=\"https:\/\/contrafcut.com.br\/noticias\/acusado-de-assedio-sexual-pedro-guimaraes-pede-demissao\" target=\"_blank\" rel=\"noopener noreferrer\">pedido de demiss\u00e3o<\/a>\u00a0da presid\u00eancia da Caixa.<\/p>\n<p><strong>Fonte: Contraf-CUT<\/strong><\/p>\n","protected":false},"excerpt":{"rendered":"<p>O Jornal Nacional, da TV Globo, veiculou, na ter\u00e7a-feira (25), uma reportagem sobre o relat\u00f3rio da corregedoria da Caixa Econ\u00f4mica Federal sobre as acusa\u00e7\u00f5es contra Pedro Guimar\u00e3es, ex-presidente do banco, e informa que existem fortes ind\u00edcios de que houve realmente ass\u00e9dio moral e sexual. A reportagem informa que o relat\u00f3rio tem 500 p\u00e1ginas e divulgou [&hellip;]<\/p>\n","protected":false},"author":2,"featured_media":13305,"comment_status":"","ping_status":"","sticky":false,"template":"","format":"standard","meta":{"footnotes":""},"categories":[3],"tags":[],"class_list":["post-13306","post","type-post","status-publish","format-standard","has-post-thumbnail","hentry","category-noticias"],"_links":{"self":[{"href":"https:\/\/hostnetart.com.br\/baixada\/wp-json\/wp\/v2\/posts\/13306","targetHints":{"allow":["GET"]}}],"collection":[{"href":"https:\/\/hostnetart.com.br\/baixada\/wp-json\/wp\/v2\/posts"}],"about":[{"href":"https:\/\/hostnetart.com.br\/baixada\/wp-json\/wp\/v2\/types\/post"}],"author":[{"embeddable":true,"href":"https:\/\/hostnetart.com.br\/baixada\/wp-json\/wp\/v2\/users\/2"}],"replies":[{"embeddable":true,"href":"https:\/\/hostnetart.com.br\/baixada\/wp-json\/wp\/v2\/comments?post=13306"}],"version-history":[{"count":0,"href":"https:\/\/hostnetart.com.br\/baixada\/wp-json\/wp\/v2\/posts\/13306\/revisions"}],"wp:featuredmedia":[{"embeddable":true,"href":"https:\/\/hostnetart.com.br\/baixada\/wp-json\/wp\/v2\/media\/13305"}],"wp:attachment":[{"href":"https:\/\/hostnetart.com.br\/baixada\/wp-json\/wp\/v2\/media?parent=13306"}],"wp:term":[{"taxonomy":"category","embeddable":true,"href":"https:\/\/hostnetart.com.br\/baixada\/wp-json\/wp\/v2\/categories?post=13306"},{"taxonomy":"post_tag","embeddable":true,"href":"https:\/\/hostnetart.com.br\/baixada\/wp-json\/wp\/v2\/tags?post=13306"}],"curies":[{"name":"wp","href":"https:\/\/api.w.org\/{rel}","templated":true}]}}