{"id":13304,"date":"2022-10-27T18:05:38","date_gmt":"2022-10-27T21:05:38","guid":{"rendered":"https:\/\/hostnetart.com.br\/baixada\/assedio-eleitoral-preocupa-movimento-sindical\/"},"modified":"2022-10-27T18:05:38","modified_gmt":"2022-10-27T21:05:38","slug":"assedio-eleitoral-preocupa-movimento-sindical","status":"publish","type":"post","link":"https:\/\/hostnetart.com.br\/baixada\/assedio-eleitoral-preocupa-movimento-sindical\/","title":{"rendered":"Ass\u00e9dio eleitoral preocupa movimento sindical"},"content":{"rendered":"<p>O movimento sindical internacional est\u00e1 em alerta devido ao aumento dos casos de ass\u00e9dio eleitoral no Brasil e enviar\u00e1 uma delega\u00e7\u00e3o com mais de 30 representantes da\u00a0<em>UNI Global Union<\/em>, da\u00a0<em>Progressive International<\/em>\u00a0e da Central Sindical das Am\u00e9ricas (CSA) para acompanhar as elei\u00e7\u00f5es para a Presid\u00eancia da Rep\u00fablica no pa\u00eds.<\/p>\n<p>Um balan\u00e7o do Minist\u00e9rio P\u00fablico do Trabalho (MPT) aponta que houve um aumento de 58% das den\u00fancias de ass\u00e9dio eleitoral no Brasil. Em reuni\u00e3o com o Tribunal Superior Eleitoral (TSE), o MP informou que j\u00e1 foram registradas mais de 430 representa\u00e7\u00f5es nas elei\u00e7\u00f5es.<\/p>\n<p>\u201cCoagir, amea\u00e7ar ou prometer benef\u00edcios para que os empregados votem em determinado candidato \u00e9 ass\u00e9dio eleitoral. E esta pr\u00e1tica se configura como crime em nosso pa\u00eds\u201d, explicou a brasileira, presidenta da UNI Finan\u00e7as Mundial, Rita Berlofa, que recepcionar\u00e1 a delega\u00e7\u00e3o internacional que estar\u00e1 no pa\u00eds a partir desta quinta-feira (27).<\/p>\n<p>A comitiva se reunir\u00e1 com membros da Central \u00danica dos Trabalhadores, de partidos pol\u00edticos e do Movimento dos Trabalhadores Sem Teto (MTST) e do Movimento dos Trabalhadores Sem Terra (MST), al\u00e9m de acompanhar o processo eleitoral at\u00e9 a apura\u00e7\u00e3o dos resultados das elei\u00e7\u00f5es.<\/p>\n<p><strong>UNI Global Union<\/strong><\/p>\n<p>Entidade sindical mundial que representa mais de 20 milh\u00f5es de trabalhadores do setor servi\u00e7os em 150 pa\u00edses.\u00a0<a href=\"https:\/\/uniglobalunion.org\/\" target=\"_blank\" rel=\"noopener noreferrer\">https:\/\/uniglobalunion.org\/<\/a><\/p>\n<p><strong>Internacional Progressista<\/strong><\/p>\n<p>Organiza\u00e7\u00e3o que re\u00fane entidades e grupos de ativistas progressistas de todo o mundo.\u00a0<a href=\"https:\/\/progressive.international\/\" target=\"_blank\" rel=\"noopener noreferrer\">https:\/\/progressive.international\/<\/a><\/p>\n<p><strong>Confedera\u00e7\u00e3o Sindical das Am\u00e9ricas (CSA)<\/strong><\/p>\n<p>A Confedera\u00e7\u00e3o Sindical de Trabalhadores e Trabalhadoras das Am\u00e9ricas (CSA) congrega 48 organiza\u00e7\u00f5es nacionais de 21 pa\u00edses, que representam a 55 milh\u00f5es de trabalhadores. \u00c9 a organiza\u00e7\u00e3o regional da Confedera\u00e7\u00e3o Sindical Internacional (CSI).\u00a0<a href=\"https:\/\/csa-csi.org\/\" target=\"_blank\" rel=\"noopener noreferrer\">https:\/\/csa-csi.org\/<\/a>.<\/p>\n<p><strong>Fonte: Contraf-CUT<\/strong><\/p>\n","protected":false},"excerpt":{"rendered":"<p>O movimento sindical internacional est\u00e1 em alerta devido ao aumento dos casos de ass\u00e9dio eleitoral no Brasil e enviar\u00e1 uma delega\u00e7\u00e3o com mais de 30 representantes da\u00a0UNI Global Union, da\u00a0Progressive International\u00a0e da Central Sindical das Am\u00e9ricas (CSA) para acompanhar as elei\u00e7\u00f5es para a Presid\u00eancia da Rep\u00fablica no pa\u00eds. Um balan\u00e7o do Minist\u00e9rio P\u00fablico do Trabalho [&hellip;]<\/p>\n","protected":false},"author":2,"featured_media":13303,"comment_status":"","ping_status":"","sticky":false,"template":"","format":"standard","meta":{"footnotes":""},"categories":[3],"tags":[],"class_list":["post-13304","post","type-post","status-publish","format-standard","has-post-thumbnail","hentry","category-noticias"],"_links":{"self":[{"href":"https:\/\/hostnetart.com.br\/baixada\/wp-json\/wp\/v2\/posts\/13304","targetHints":{"allow":["GET"]}}],"collection":[{"href":"https:\/\/hostnetart.com.br\/baixada\/wp-json\/wp\/v2\/posts"}],"about":[{"href":"https:\/\/hostnetart.com.br\/baixada\/wp-json\/wp\/v2\/types\/post"}],"author":[{"embeddable":true,"href":"https:\/\/hostnetart.com.br\/baixada\/wp-json\/wp\/v2\/users\/2"}],"replies":[{"embeddable":true,"href":"https:\/\/hostnetart.com.br\/baixada\/wp-json\/wp\/v2\/comments?post=13304"}],"version-history":[{"count":0,"href":"https:\/\/hostnetart.com.br\/baixada\/wp-json\/wp\/v2\/posts\/13304\/revisions"}],"wp:featuredmedia":[{"embeddable":true,"href":"https:\/\/hostnetart.com.br\/baixada\/wp-json\/wp\/v2\/media\/13303"}],"wp:attachment":[{"href":"https:\/\/hostnetart.com.br\/baixada\/wp-json\/wp\/v2\/media?parent=13304"}],"wp:term":[{"taxonomy":"category","embeddable":true,"href":"https:\/\/hostnetart.com.br\/baixada\/wp-json\/wp\/v2\/categories?post=13304"},{"taxonomy":"post_tag","embeddable":true,"href":"https:\/\/hostnetart.com.br\/baixada\/wp-json\/wp\/v2\/tags?post=13304"}],"curies":[{"name":"wp","href":"https:\/\/api.w.org\/{rel}","templated":true}]}}