{"id":13302,"date":"2022-10-26T18:12:50","date_gmt":"2022-10-26T21:12:50","guid":{"rendered":"https:\/\/hostnetart.com.br\/baixada\/brasil-tem-49-milhoes-de-pessoas-na-miseria\/"},"modified":"2022-10-26T18:12:50","modified_gmt":"2022-10-26T21:12:50","slug":"brasil-tem-49-milhoes-de-pessoas-na-miseria","status":"publish","type":"post","link":"https:\/\/hostnetart.com.br\/baixada\/brasil-tem-49-milhoes-de-pessoas-na-miseria\/","title":{"rendered":"Brasil tem 49 milh\u00f5es de pessoas na mis\u00e9ria"},"content":{"rendered":"<p>O Brasil registrou em setembro o maior n\u00famero de pessoas em extrema pobreza, desde a cria\u00e7\u00e3o, em 2001, do Cadastro \u00danico para programas sociais do governo federal, tamb\u00e9m conhecido como Cad\u00danico. Ao todo, 49 milh\u00f5es de brasileiros \u2014ou 23% da popula\u00e7\u00e3o\u2014 afirmam n\u00e3o ter renda suficiente para sobreviver e precisam de aux\u00edlio governamental.<\/p>\n<p>Desde janeiro de 2019, quando teve in\u00edcio a atual gest\u00e3o federal, at\u00e9 agora, houve um aumento de 10 milh\u00f5es de pessoas que vivem em extrema pobreza. Em dezembro de 2018, eram 39 milh\u00f5es de brasileiros nessa condi\u00e7\u00e3o. Segundo classifica\u00e7\u00e3o da legisla\u00e7\u00e3o brasileira, est\u00e3o na extrema pobreza pessoas que vivem em fam\u00edlias com renda per capita de at\u00e9 R$ 105 por m\u00eas. \u00c9 pela renda informada pelas fam\u00edlias ao Cad\u00danico que o governo define quem tem direito a receber o Aux\u00edlio Brasil e outros benef\u00edcios sociais.<\/p>\n<p>Os dados completos podem ser vistos diretamente no site do governo federal,\u00a0<a href=\"https:\/\/aplicacoes.cidadania.gov.br\/vis\/data3\/v.php?q%5b%5d=oNOclsLerpibuKep3bV%2Bf2xf05Kv2rmg2a19ZW51ZXKmaX6JaV2Jk2CadWCNrMmim7iareyYfYVnjLrCl6WjlMnusm%2BiqaGt3nSItJiZysZupbCoyvedma%2B7pJvsWbK7V6DA1ajLANogHrxUoK1Vn%2FGtv7OkjnfRosyvmNfcbZ2qu5is4q2uwVebxoF2y6GU0O%2B%2Fo1wLz6jinLzKp2g%3D\">clicando aqui<\/a>.<\/p>\n<p>Para Juvandia Moreira, presidenta da Confedera\u00e7\u00e3o Nacional dos Trabalhadores do Ramo Financeiro (Contraf-CUT), a culpa \u00e9 do atual \u201cdesgoverno federal\u201d. \u201cA falta de pol\u00edtica de cria\u00e7\u00e3o de emprego, de desenvolvimento econ\u00f4mico e de controle da infla\u00e7\u00e3o s\u00e3o fatais para a classe trabalhadora. O resultado n\u00e3o poderia ser outro, sen\u00e3o o empobrecimento da popula\u00e7\u00e3o. E isso tem motivado muita gente a procurar algum benef\u00edcio governamental\u201d. Juvandia tamb\u00e9m chamou de falacioso o discurso de campanha do atual presidente. \u201cEle tem afirmado que sua gest\u00e3o concede benef\u00edcios para mais pessoas. O que ele n\u00e3o fala \u00e9 que isso somente acontece porque existe um n\u00famero muito maior de pessoas que vive em extrema pobreza\u201d, completou.<\/p>\n<p><strong>Fonte: Contraf-CUT<\/strong><\/p>\n","protected":false},"excerpt":{"rendered":"<p>O Brasil registrou em setembro o maior n\u00famero de pessoas em extrema pobreza, desde a cria\u00e7\u00e3o, em 2001, do Cadastro \u00danico para programas sociais do governo federal, tamb\u00e9m conhecido como Cad\u00danico. Ao todo, 49 milh\u00f5es de brasileiros \u2014ou 23% da popula\u00e7\u00e3o\u2014 afirmam n\u00e3o ter renda suficiente para sobreviver e precisam de aux\u00edlio governamental. Desde janeiro [&hellip;]<\/p>\n","protected":false},"author":2,"featured_media":13301,"comment_status":"","ping_status":"","sticky":false,"template":"","format":"standard","meta":{"footnotes":""},"categories":[3],"tags":[],"class_list":["post-13302","post","type-post","status-publish","format-standard","has-post-thumbnail","hentry","category-noticias"],"_links":{"self":[{"href":"https:\/\/hostnetart.com.br\/baixada\/wp-json\/wp\/v2\/posts\/13302","targetHints":{"allow":["GET"]}}],"collection":[{"href":"https:\/\/hostnetart.com.br\/baixada\/wp-json\/wp\/v2\/posts"}],"about":[{"href":"https:\/\/hostnetart.com.br\/baixada\/wp-json\/wp\/v2\/types\/post"}],"author":[{"embeddable":true,"href":"https:\/\/hostnetart.com.br\/baixada\/wp-json\/wp\/v2\/users\/2"}],"replies":[{"embeddable":true,"href":"https:\/\/hostnetart.com.br\/baixada\/wp-json\/wp\/v2\/comments?post=13302"}],"version-history":[{"count":0,"href":"https:\/\/hostnetart.com.br\/baixada\/wp-json\/wp\/v2\/posts\/13302\/revisions"}],"wp:featuredmedia":[{"embeddable":true,"href":"https:\/\/hostnetart.com.br\/baixada\/wp-json\/wp\/v2\/media\/13301"}],"wp:attachment":[{"href":"https:\/\/hostnetart.com.br\/baixada\/wp-json\/wp\/v2\/media?parent=13302"}],"wp:term":[{"taxonomy":"category","embeddable":true,"href":"https:\/\/hostnetart.com.br\/baixada\/wp-json\/wp\/v2\/categories?post=13302"},{"taxonomy":"post_tag","embeddable":true,"href":"https:\/\/hostnetart.com.br\/baixada\/wp-json\/wp\/v2\/tags?post=13302"}],"curies":[{"name":"wp","href":"https:\/\/api.w.org\/{rel}","templated":true}]}}