{"id":13296,"date":"2022-10-26T03:43:17","date_gmt":"2022-10-26T06:43:17","guid":{"rendered":"https:\/\/hostnetart.com.br\/baixada\/fids-repudia-atos-de-roberto-jefferson\/"},"modified":"2022-10-26T03:43:17","modified_gmt":"2022-10-26T06:43:17","slug":"fids-repudia-atos-de-roberto-jefferson","status":"publish","type":"post","link":"https:\/\/hostnetart.com.br\/baixada\/fids-repudia-atos-de-roberto-jefferson\/","title":{"rendered":"Fids repudia atos de Roberto Jefferson"},"content":{"rendered":"<p>O F\u00f3rum Interinstitucional de Defesa do Direito do Trabalho e da Previd\u00eancia Social (Fids) publicou Nota de Rep\u00fadio aos atos de Roberto Jefferson, ocorridos entre sexta-feira (21), quando o ex-deputado agrediu, com palavras de baixo cal\u00e3o, a ministra do Supremo Tribunal Federal (STF), C\u00e1rmen L\u00facia, e domingo (23), quando resistiu \u00e0 pris\u00e3o e atacou agentes da Pol\u00edcia Federal (PF), com tiros e granadas. Dois oficiais da PF, que cumpriam sua ordem judicial de pris\u00e3o, ficaram feridos.<\/p>\n<p>Na nota, o F\u00f3rum afirma que o \u201cdiscurso de \u00f3dio, eivado de misoginia e preconceito, ultrapassou os limites da civilidade e, longe de representar razo\u00e1vel inconformismo quanto ao teor de um voto proferido, configurou viol\u00eancia de g\u00eanero e atentado contra a imagem e a honra da magistrada, que integra a mais elevada Corte de Justi\u00e7a do Pa\u00eds desde 2006 e desfruta de enorme prest\u00edgio na comunidade jur\u00eddica\u201d.<\/p>\n<p>A respeito dos fatos ocorridos no domingo, o Fids ressalta que a a\u00e7\u00e3o do ex-deputado, \u201cal\u00e9m do dano causado ao patrim\u00f4nio p\u00fablico, feriu o Delegado Marcelo Vilella e a Agente Karina Oliveira, que simplesmente estavam desempenhando suas atribui\u00e7\u00f5es ordin\u00e1rias\u201d. A entidade manifesta solidariedade \u00e0 ministra do STF e aos agentes da PF, que foram v\u00edtimas direta dessa \u201cbarb\u00e1rie, que afronta not\u00f3rios fundamentos republicanos\u201d, como tamb\u00e9m clama por \u201crigorosa e exemplar puni\u00e7\u00e3o\u201d.<\/p>\n<p>O documento \u00e9 assinado por dezenas de entidades que comp\u00f5em o Fids, entre as quais a Confedera\u00e7\u00e3o Nacional dos Trabalhadores do Ramo Financeiro (Contraf-CUT) e a Central \u00danica dos Trabalhadores (CUT).<\/p>\n<p>Acesse aqui a\u00a0<a href=\"https:\/\/contrafcut.com.br\/nota-fids-atos-roberto-jefersondoc\/\" target=\"_blank\" rel=\"noopener noreferrer\">Nota de Rep\u00fadio<\/a>\u00a0completa.<\/p>\n<p><strong>Fonte: Contraf-CUT<\/strong><\/p>\n","protected":false},"excerpt":{"rendered":"<p>O F\u00f3rum Interinstitucional de Defesa do Direito do Trabalho e da Previd\u00eancia Social (Fids) publicou Nota de Rep\u00fadio aos atos de Roberto Jefferson, ocorridos entre sexta-feira (21), quando o ex-deputado agrediu, com palavras de baixo cal\u00e3o, a ministra do Supremo Tribunal Federal (STF), C\u00e1rmen L\u00facia, e domingo (23), quando resistiu \u00e0 pris\u00e3o e atacou agentes [&hellip;]<\/p>\n","protected":false},"author":2,"featured_media":13295,"comment_status":"","ping_status":"","sticky":false,"template":"","format":"standard","meta":{"footnotes":""},"categories":[3],"tags":[],"class_list":["post-13296","post","type-post","status-publish","format-standard","has-post-thumbnail","hentry","category-noticias"],"_links":{"self":[{"href":"https:\/\/hostnetart.com.br\/baixada\/wp-json\/wp\/v2\/posts\/13296","targetHints":{"allow":["GET"]}}],"collection":[{"href":"https:\/\/hostnetart.com.br\/baixada\/wp-json\/wp\/v2\/posts"}],"about":[{"href":"https:\/\/hostnetart.com.br\/baixada\/wp-json\/wp\/v2\/types\/post"}],"author":[{"embeddable":true,"href":"https:\/\/hostnetart.com.br\/baixada\/wp-json\/wp\/v2\/users\/2"}],"replies":[{"embeddable":true,"href":"https:\/\/hostnetart.com.br\/baixada\/wp-json\/wp\/v2\/comments?post=13296"}],"version-history":[{"count":0,"href":"https:\/\/hostnetart.com.br\/baixada\/wp-json\/wp\/v2\/posts\/13296\/revisions"}],"wp:featuredmedia":[{"embeddable":true,"href":"https:\/\/hostnetart.com.br\/baixada\/wp-json\/wp\/v2\/media\/13295"}],"wp:attachment":[{"href":"https:\/\/hostnetart.com.br\/baixada\/wp-json\/wp\/v2\/media?parent=13296"}],"wp:term":[{"taxonomy":"category","embeddable":true,"href":"https:\/\/hostnetart.com.br\/baixada\/wp-json\/wp\/v2\/categories?post=13296"},{"taxonomy":"post_tag","embeddable":true,"href":"https:\/\/hostnetart.com.br\/baixada\/wp-json\/wp\/v2\/tags?post=13296"}],"curies":[{"name":"wp","href":"https:\/\/api.w.org\/{rel}","templated":true}]}}