{"id":13294,"date":"2022-10-26T03:41:31","date_gmt":"2022-10-26T06:41:31","guid":{"rendered":"https:\/\/hostnetart.com.br\/baixada\/funcionarios-do-bb-temem-privatizacao\/"},"modified":"2022-10-26T03:41:31","modified_gmt":"2022-10-26T06:41:31","slug":"funcionarios-do-bb-temem-privatizacao","status":"publish","type":"post","link":"https:\/\/hostnetart.com.br\/baixada\/funcionarios-do-bb-temem-privatizacao\/","title":{"rendered":"Funcion\u00e1rios do BB temem privatiza\u00e7\u00e3o"},"content":{"rendered":"<p>Funcion\u00e1rios do Banco do Brasil est\u00e3o preocupados com a sinaliza\u00e7\u00e3o, cada vez mais forte, do atual governo de privatizar a entidade. O ministro da Economia, Paulo Guedes, que continuar\u00e1 no cargo caso ocorra a reelei\u00e7\u00e3o, conseguiu tirar do papel a privatiza\u00e7\u00e3o de Eletrobr\u00e1s, Correios e BR Distribuidora, tendo manifestado diversas vezes que\u00a0<a href=\"https:\/\/g1.globo.com\/economia\/noticia\/2021\/09\/27\/guedes-defende-petrobras-e-banco-do-brasil-na-fila-de-privatizacoes-dos-proximos-anos.ghtml\">o BB est\u00e1 \u201cna fila\u201d<\/a>.<\/p>\n<p>\u201cObservamos preocupados esse interesse de vender o BB, que coloca em risco tanto o futuro dos trabalhadores quanto o futuro do pa\u00eds, dada a import\u00e2ncia dos bancos p\u00fablicos para o desenvolvimento do pa\u00eds e como indutor da economia local\u201d, avalia Rafael Matos, que foi o primeiro Representante dos Funcion\u00e1rios (Caref) eleito no Conselho de Administra\u00e7\u00e3o do BB.<\/p>\n<p>Ainda em 2020, o atual presidente da Rep\u00fablica\u00a0<a href=\"https:\/\/veja.abril.com.br\/economia\/guedes-que-vender-o-banco-do-brasil-agora-bolsonaro-so-em-2023\/\">declarou em uma entrevista \u00e0 Veja seu interesse em entregar o banco ao mercado somente em 2023<\/a>, portanto, em caso de reelei\u00e7\u00e3o. Em entrevista mais recente \u00e0 mesma revista, ele voltou a defender as privatiza\u00e7\u00f5es sob o argumento de que \u201c<a href=\"https:\/\/www.youtube.com\/watch?v=HKz1qlV_Lmc\">quanto mais Estado, pior<\/a>\u201d.<\/p>\n<p>A atual Caref, D\u00e9bora Fonseca, destaca tamb\u00e9m que o medo de privatiza\u00e7\u00e3o \u00e9 um sentimento crescente entre os colegas, \u201cporque s\u00e3o\u00a0<a href=\"https:\/\/www.youtube.com\/watch?v=5H0DpbQR6Zs\">recorrentes as falas do ministro da Economia<\/a>\u00a0colocando o BB na pauta de privatiza\u00e7\u00f5es\u201d, por isso, a elei\u00e7\u00e3o presidencial passa a ter uma import\u00e2ncia especial. \u201cPrecisamos avaliar qual candidato se compromete n\u00e3o s\u00f3 com a manuten\u00e7\u00e3o do banco, mas tamb\u00e9m com sua utiliza\u00e7\u00e3o como mecanismo de recupera\u00e7\u00e3o econ\u00f4mica\u201d, pondera.<\/p>\n<h3><strong>Desmonte silencioso<\/strong><\/h3>\n<p>O coordenador da Comiss\u00e3o de Empresa dos Funcion\u00e1rios do Banco do Brasil (CEBB), Jo\u00e3o Fukunaga, alerta que o BB passou, nos \u00faltimos quatro anos, por um processo de redu\u00e7\u00e3o no n\u00famero de ag\u00eancias e funcion\u00e1rios, que\u00a0<a href=\"https:\/\/contrafcut.com.br\/noticias\/privatizacao-de-bancos-publicos-leva-a-demissoes-e-desmonte-de-planos-de-saude-e-previdencia\/\">remete ao mesmo caminho que levou \u00e0 privatiza\u00e7\u00e3o de outros bancos p\u00fablicos<\/a>. \u201cForam mais de 1.500 ag\u00eancias fechadas e mais de 10.500 funcion\u00e1rios dispensados no per\u00edodo\u201d, relata.<\/p>\n<p>Fernanda Lopes, funcion\u00e1ria do BB e secretaria de Mulher da Confedera\u00e7\u00e3o Nacional dos Trabalhadores do Ramo Financeiro (Contraf-CUT), pontua que, \u201cal\u00e9m de reduzir a oferta de servi\u00e7o banc\u00e1rio \u00e0 popula\u00e7\u00e3o\u201d, o processo de encolhimento do banco sobrecarrega os trabalhadores, com aumento de\u00a0<a href=\"https:\/\/contrafcut.com.br\/noticias\/gerentes-do-bb-denunciam-pressao-e-assedio-nunca-antes-vistos\/\">den\u00fancias de ass\u00e9dio moral e metas abusivas<\/a>.<\/p>\n<p>\u201cH\u00e1 necessidade de mais contrata\u00e7\u00f5es pelo BB, n\u00e3o apenas para reequilibrar as tarefas entre os funcion\u00e1rios, mas tamb\u00e9m para melhorar o atendimento aos clientes, porque,\u00a0<a href=\"https:\/\/contrafcut.com.br\/noticias\/dados-revelam-processo-de-desmonte-do-bb-que-reforca-risco-de-privatizacao\/\">nesse processo de desmonte<\/a>, periferias e pequenas cidades s\u00e3o as que mais sofrem com filas de espera\u201d, completa.<\/p>\n<p><strong>Fonte: Contraf-CUT<\/strong><\/p>\n","protected":false},"excerpt":{"rendered":"<p>Funcion\u00e1rios do Banco do Brasil est\u00e3o preocupados com a sinaliza\u00e7\u00e3o, cada vez mais forte, do atual governo de privatizar a entidade. O ministro da Economia, Paulo Guedes, que continuar\u00e1 no cargo caso ocorra a reelei\u00e7\u00e3o, conseguiu tirar do papel a privatiza\u00e7\u00e3o de Eletrobr\u00e1s, Correios e BR Distribuidora, tendo manifestado diversas vezes que\u00a0o BB est\u00e1 \u201cna [&hellip;]<\/p>\n","protected":false},"author":2,"featured_media":13293,"comment_status":"","ping_status":"","sticky":false,"template":"","format":"standard","meta":{"footnotes":""},"categories":[3],"tags":[],"class_list":["post-13294","post","type-post","status-publish","format-standard","has-post-thumbnail","hentry","category-noticias"],"_links":{"self":[{"href":"https:\/\/hostnetart.com.br\/baixada\/wp-json\/wp\/v2\/posts\/13294","targetHints":{"allow":["GET"]}}],"collection":[{"href":"https:\/\/hostnetart.com.br\/baixada\/wp-json\/wp\/v2\/posts"}],"about":[{"href":"https:\/\/hostnetart.com.br\/baixada\/wp-json\/wp\/v2\/types\/post"}],"author":[{"embeddable":true,"href":"https:\/\/hostnetart.com.br\/baixada\/wp-json\/wp\/v2\/users\/2"}],"replies":[{"embeddable":true,"href":"https:\/\/hostnetart.com.br\/baixada\/wp-json\/wp\/v2\/comments?post=13294"}],"version-history":[{"count":0,"href":"https:\/\/hostnetart.com.br\/baixada\/wp-json\/wp\/v2\/posts\/13294\/revisions"}],"wp:featuredmedia":[{"embeddable":true,"href":"https:\/\/hostnetart.com.br\/baixada\/wp-json\/wp\/v2\/media\/13293"}],"wp:attachment":[{"href":"https:\/\/hostnetart.com.br\/baixada\/wp-json\/wp\/v2\/media?parent=13294"}],"wp:term":[{"taxonomy":"category","embeddable":true,"href":"https:\/\/hostnetart.com.br\/baixada\/wp-json\/wp\/v2\/categories?post=13294"},{"taxonomy":"post_tag","embeddable":true,"href":"https:\/\/hostnetart.com.br\/baixada\/wp-json\/wp\/v2\/tags?post=13294"}],"curies":[{"name":"wp","href":"https:\/\/api.w.org\/{rel}","templated":true}]}}