{"id":13292,"date":"2022-10-25T22:27:43","date_gmt":"2022-10-26T01:27:43","guid":{"rendered":"https:\/\/hostnetart.com.br\/baixada\/movimento-sindical-repudia-fala-do-presidente-da-republica-sobre-denuncias-de-assedio-sexual-na-caixa\/"},"modified":"2022-10-25T22:27:43","modified_gmt":"2022-10-26T01:27:43","slug":"movimento-sindical-repudia-fala-do-presidente-da-republica-sobre-denuncias-de-assedio-sexual-na-caixa","status":"publish","type":"post","link":"https:\/\/hostnetart.com.br\/baixada\/movimento-sindical-repudia-fala-do-presidente-da-republica-sobre-denuncias-de-assedio-sexual-na-caixa\/","title":{"rendered":"Movimento Sindical repudia fala do Presidente da Rep\u00fablica sobre den\u00fancias de ass\u00e9dio sexual na Caixa"},"content":{"rendered":"<p>O desrespeito \u00e0s empregadas da Caixa, v\u00edtimas de ass\u00e9dio sexual e moral cometidos pelo ex-presidente do banco, Pedro Guimar\u00e3es agora partiu do atual presidente da Rep\u00fablica. Em entrevista ao\u00a0<a href=\"https:\/\/www.metropoles.com\/brasil\/politica-brasil\/bolsonaro-sobre-denuncias-de-assedio-na-caixa-nao-vi-nada-contundente\">portal Metr\u00f3poles<\/a>\u00a0nesta segunda-feira (24), o chefe do Executivo declarou n\u00e3o existir \u201cnada de contundente\u201d nas den\u00fancias das trabalhadoras.<\/p>\n<p>\u201cN\u00e3o vi nenhum depoimento mais contundente de qualquer mulher. Vi depoimentos de mulheres que sugeriram que isso poderia ter acontecido. Est\u00e1 sendo investigado\u201d, afirmou o presidente do pa\u00eds.<\/p>\n<p>Em nota publicada pelo portal G1, da Globo, os advogados das v\u00edtimas repudiam a declara\u00e7\u00e3o do presidente e dizem ser motivo de tristeza que \u201ccondutas como apalpar seios e n\u00e1degas, beijar e cheirar pesco\u00e7os e cabelos, convocar funcion\u00e1rias at\u00e9 seus aposentos em hot\u00e9is sob pretextos profissionais diversos e receb\u00ea-las em trajes \u00edntimos [&#8230;] sejam naturalizados\u201d pelo presidente.<\/p>\n<p>O Movimento Sindical, atrav\u00e9s da Federa\u00e7\u00e3o Nacional das Associa\u00e7\u00f5es do Pessoal da Caixa Econ\u00f4mica Federal (Fenae) mais uma vez se solidariza com as empregadas e se coloca em permanente defesa das v\u00edtimas. \u201cA declara\u00e7\u00e3o do presidente \u00e9 repulsiva. Embora sua falta de empatia n\u00e3o seja novidade, vista\u00a0a sua indiferen\u00e7a em rela\u00e7\u00e3o aos quase 700 mil mortos pela Covid no pa\u00eds, n\u00e3o deixa ser assustador ouvir um presidente relativizar as den\u00fancias das mulheres e o sofrimento de cada uma delas\u201d, disse o presidente da Fenae, Sergio Takemoto. \u201cA Fenae se solidariza com as empregadas e com todas as mulheres que sofrem ass\u00e9dio e s\u00e3o desacreditadas por quem deveria defend\u00ea-las\u201d, concluiu.<\/p>\n<p>A diretora de Pol\u00edticas Sociais da Fenae, Rachel Weber tamb\u00e9m se manifestou sobre o assunto. \u201cN\u00e3o encontrou nada de contundente, mesmo depois das declara\u00e7\u00f5es estarrecedoras das mulheres porque, para ele, parece normal usar a express\u00e3o \u2018pintou um clima\u2019 para meninas de 14 anos\u201d, disse. \u201c\u00c9 uma fala repugnante, mas compat\u00edvel com outras t\u00e3o graves que demonstram seu desprezo \u00e0s mulheres. N\u00e3o \u00e0 toa elas s\u00e3o o p\u00fablico de maior rejei\u00e7\u00e3o ao presidente. Se foi uma tentativa de nos intimidar, n\u00e3o deu certo. Essas mulheres n\u00e3o est\u00e3o sozinhas e sabem que t\u00eam todo nosso apoio. Elas n\u00e3o v\u00e3o se calar!\u201d<\/p>\n<p>A nota traz, ainda, a manifesta\u00e7\u00e3o das v\u00edtimas acerca do coment\u00e1rio do chefe do executivo. \u201c[&#8230;] Assim como em suas duras e desprez\u00edveis palavras, fomos desacreditadas e relegadas \u00e0 nossa pr\u00f3pria sorte pela institui\u00e7\u00e3o que deveria garantir nossa integridade. Mas n\u00e3o nos calamos e n\u00e3o iremos nos calar\u201d, declararam.<\/p>\n<p><strong>Fonte: Fenae<\/strong><\/p>\n","protected":false},"excerpt":{"rendered":"<p>O desrespeito \u00e0s empregadas da Caixa, v\u00edtimas de ass\u00e9dio sexual e moral cometidos pelo ex-presidente do banco, Pedro Guimar\u00e3es agora partiu do atual presidente da Rep\u00fablica. Em entrevista ao\u00a0portal Metr\u00f3poles\u00a0nesta segunda-feira (24), o chefe do Executivo declarou n\u00e3o existir \u201cnada de contundente\u201d nas den\u00fancias das trabalhadoras. \u201cN\u00e3o vi nenhum depoimento mais contundente de qualquer mulher. [&hellip;]<\/p>\n","protected":false},"author":2,"featured_media":13291,"comment_status":"","ping_status":"","sticky":false,"template":"","format":"standard","meta":{"footnotes":""},"categories":[3],"tags":[],"class_list":["post-13292","post","type-post","status-publish","format-standard","has-post-thumbnail","hentry","category-noticias"],"_links":{"self":[{"href":"https:\/\/hostnetart.com.br\/baixada\/wp-json\/wp\/v2\/posts\/13292","targetHints":{"allow":["GET"]}}],"collection":[{"href":"https:\/\/hostnetart.com.br\/baixada\/wp-json\/wp\/v2\/posts"}],"about":[{"href":"https:\/\/hostnetart.com.br\/baixada\/wp-json\/wp\/v2\/types\/post"}],"author":[{"embeddable":true,"href":"https:\/\/hostnetart.com.br\/baixada\/wp-json\/wp\/v2\/users\/2"}],"replies":[{"embeddable":true,"href":"https:\/\/hostnetart.com.br\/baixada\/wp-json\/wp\/v2\/comments?post=13292"}],"version-history":[{"count":0,"href":"https:\/\/hostnetart.com.br\/baixada\/wp-json\/wp\/v2\/posts\/13292\/revisions"}],"wp:featuredmedia":[{"embeddable":true,"href":"https:\/\/hostnetart.com.br\/baixada\/wp-json\/wp\/v2\/media\/13291"}],"wp:attachment":[{"href":"https:\/\/hostnetart.com.br\/baixada\/wp-json\/wp\/v2\/media?parent=13292"}],"wp:term":[{"taxonomy":"category","embeddable":true,"href":"https:\/\/hostnetart.com.br\/baixada\/wp-json\/wp\/v2\/categories?post=13292"},{"taxonomy":"post_tag","embeddable":true,"href":"https:\/\/hostnetart.com.br\/baixada\/wp-json\/wp\/v2\/tags?post=13292"}],"curies":[{"name":"wp","href":"https:\/\/api.w.org\/{rel}","templated":true}]}}