{"id":13286,"date":"2022-10-25T00:24:50","date_gmt":"2022-10-25T03:24:50","guid":{"rendered":"https:\/\/hostnetart.com.br\/baixada\/fetraf-rj-es-lanca-carta-aberta-a-populacao\/"},"modified":"2022-10-25T00:24:50","modified_gmt":"2022-10-25T03:24:50","slug":"fetraf-rj-es-lanca-carta-aberta-a-populacao","status":"publish","type":"post","link":"https:\/\/hostnetart.com.br\/baixada\/fetraf-rj-es-lanca-carta-aberta-a-populacao\/","title":{"rendered":"Fetraf RJ\/ES lan\u00e7a carta aberta \u00e0 popula\u00e7\u00e3o"},"content":{"rendered":"<p>A Federa\u00e7\u00e3o dos Trabalhadores do Ramo Financeiro dos Estados do Rio de Janeiro e Esp\u00edrito Santo (Fetraf-RJ\/ES), da qual o Sindicato dos Banc\u00e1rios da Baixada Fluminense \u00e9 filiado, lan\u00e7ou uma carta aberta \u00e0 popula\u00e7\u00e3o, onde alerta sobre os riscos dos empr\u00e9stimos consignados vinculados ao Auxilio Brasil, regulamentado pelo governo federal e oferecido, exclusivamente, pela Caixa Econ\u00f4mica Federal. Al\u00e9m disso, se solidarizou com aos clientes e funcion\u00e1rios do banco.<\/p>\n<p><strong>Confira na \u00edntegra:<\/strong><\/p>\n<p><em>&#8220;O governo federal regulamentou os empr\u00e9stimos consignados vinculados ao Auxilio Brasil. Embora exista uma vertente de economistas que alerte sobre os riscos para quem contrate esse cr\u00e9dito consignado, j\u00e1 que o benef\u00edcio assistencial \u00e9 basicamente destinado para combater a fome, \u00e9 importante ressaltar que os encargos financeiros para amortiza\u00e7\u00e3o do principal e os juros, poder\u00e1 agravar o endividamento de fam\u00edlias que j\u00e1 se encontram em situa\u00e7\u00e3o de vulnerabilidade. <\/em><\/p>\n<p><em>Por isso \u00e9 que no cen\u00e1rio atual, onde 78% das fam\u00edlias brasileiras possuem d\u00edvidas, e que 29% n\u00e3o conseguem pagar as contas em dia, as institui\u00e7\u00f5es financeiras est\u00e3o reticentes a conceder o cr\u00e9dito. Bradesco, Santander e Ita\u00fa, os maiores bancos privados do pa\u00eds, e o Banco do Brasil n\u00e3o operaram o empr\u00e9stimo consignado do Aux\u00edlio Brasil. Assim, restou apenas a CEF, o \u00fanico banco p\u00fablico a oferecer a modalidade, por\u00e9m sem os insumos necess\u00e1rios no atendimento aos clientes.<\/em><\/p>\n<p><em>Paralelamente, ao aumento da demanda pelo empr\u00e9stimo consignado do Aux\u00edlio Emergencial, a Caixa Econ\u00f4mica Federal tem lan\u00e7ado diversos outros produtos, e por consequ\u00eancia aumentado a procura pelos servi\u00e7os. Para piorar a Caixa cortou os recursos para melhor atender aos clientes, tendo gerado revolta com o tempo de espera para atendimento que em m\u00e9dia tem durado mais de tr\u00eas horas. Os funcion\u00e1rios, j\u00e1 totalmente sobrecarregados, e trabalhando em condi\u00e7\u00f5es prec\u00e1rias t\u00eam sido agredidos injustamente. Importante lembrar que desde a pandemia de COVID 19 n\u00e3o h\u00e1 novas contrata\u00e7\u00f5es. Bom que se saiba, que s\u00e3o os pr\u00f3prios empregados que colocam dinheiro do bolso para comprar caf\u00e9, a\u00e7\u00facar, grampos de <\/em><em>papel e at\u00e9 papel higi\u00eanico. Somos conscientes da gravidade da situa\u00e7\u00e3o econ\u00f4mica do nosso pa\u00eds, t\u00e3o pouco estamos aqui para julgar a situa\u00e7\u00e3o de desespero das fam\u00edlias mais humildes, e nem fazer uso pol\u00edtico disso.\u00a0Achamos justa a reclama\u00e7\u00e3o da popula\u00e7\u00e3o, mas clamamos para que compreendam que a precariedade do atendimento n\u00e3o \u00e9 de responsabilidade dos funcion\u00e1rios, e sim da dire\u00e7\u00e3o do banco.<\/em><\/p>\n<p><em>A Caixa Econ\u00f4mica falha em sua responsabilidade social no que diz respeito ao cumprimento dos deveres e obriga\u00e7\u00f5es das empresas com a sociedade em geral. Pedimos encarecidamente para que os clientes<\/em><br \/><em>usem os meios institucionais para registrarem sua insatisfa\u00e7\u00e3o, e jamais a agress\u00e3o f\u00edsica ou verbal, que em nada contribui para um mundo melhor.<\/em><\/p>\n<p><em>Nossa solidariedade aos clientes e funcion\u00e1rios da CEF.<\/em><\/p>\n<p><em>Nilton Dami\u00e3o Esperan\u00e7a<\/em><br \/><em>Presidente da FETRAF RJ\/ES&#8221;<\/em><\/p>\n<p><strong>Fonte: Fetraf RJ\/ES<\/strong><\/p>\n","protected":false},"excerpt":{"rendered":"<p>A Federa\u00e7\u00e3o dos Trabalhadores do Ramo Financeiro dos Estados do Rio de Janeiro e Esp\u00edrito Santo (Fetraf-RJ\/ES), da qual o Sindicato dos Banc\u00e1rios da Baixada Fluminense \u00e9 filiado, lan\u00e7ou uma carta aberta \u00e0 popula\u00e7\u00e3o, onde alerta sobre os riscos dos empr\u00e9stimos consignados vinculados ao Auxilio Brasil, regulamentado pelo governo federal e oferecido, exclusivamente, pela Caixa [&hellip;]<\/p>\n","protected":false},"author":2,"featured_media":13285,"comment_status":"","ping_status":"","sticky":false,"template":"","format":"standard","meta":{"footnotes":""},"categories":[3],"tags":[],"class_list":["post-13286","post","type-post","status-publish","format-standard","has-post-thumbnail","hentry","category-noticias"],"_links":{"self":[{"href":"https:\/\/hostnetart.com.br\/baixada\/wp-json\/wp\/v2\/posts\/13286","targetHints":{"allow":["GET"]}}],"collection":[{"href":"https:\/\/hostnetart.com.br\/baixada\/wp-json\/wp\/v2\/posts"}],"about":[{"href":"https:\/\/hostnetart.com.br\/baixada\/wp-json\/wp\/v2\/types\/post"}],"author":[{"embeddable":true,"href":"https:\/\/hostnetart.com.br\/baixada\/wp-json\/wp\/v2\/users\/2"}],"replies":[{"embeddable":true,"href":"https:\/\/hostnetart.com.br\/baixada\/wp-json\/wp\/v2\/comments?post=13286"}],"version-history":[{"count":0,"href":"https:\/\/hostnetart.com.br\/baixada\/wp-json\/wp\/v2\/posts\/13286\/revisions"}],"wp:featuredmedia":[{"embeddable":true,"href":"https:\/\/hostnetart.com.br\/baixada\/wp-json\/wp\/v2\/media\/13285"}],"wp:attachment":[{"href":"https:\/\/hostnetart.com.br\/baixada\/wp-json\/wp\/v2\/media?parent=13286"}],"wp:term":[{"taxonomy":"category","embeddable":true,"href":"https:\/\/hostnetart.com.br\/baixada\/wp-json\/wp\/v2\/categories?post=13286"},{"taxonomy":"post_tag","embeddable":true,"href":"https:\/\/hostnetart.com.br\/baixada\/wp-json\/wp\/v2\/tags?post=13286"}],"curies":[{"name":"wp","href":"https:\/\/api.w.org\/{rel}","templated":true}]}}