{"id":13284,"date":"2022-10-21T17:53:49","date_gmt":"2022-10-21T20:53:49","guid":{"rendered":"https:\/\/hostnetart.com.br\/baixada\/denuncias-de-assedio-eleitoral-ja-chegam-a-903\/"},"modified":"2022-10-21T17:53:49","modified_gmt":"2022-10-21T20:53:49","slug":"denuncias-de-assedio-eleitoral-ja-chegam-a-903","status":"publish","type":"post","link":"https:\/\/hostnetart.com.br\/baixada\/denuncias-de-assedio-eleitoral-ja-chegam-a-903\/","title":{"rendered":"Den\u00fancias de ass\u00e9dio eleitoral j\u00e1 chegam a 903"},"content":{"rendered":"<div class=\"the-content\">\n<p>A menos de 10 dias para o segundo turno das elei\u00e7\u00f5es, o total de den\u00fancias de ass\u00e9dio eleitoral j\u00e1 supera os n\u00fameros de 2018, quando o Minist\u00e9rio P\u00fablico do Trabalho (MPT) registrou 212 den\u00fancias contra 98 empres\u00e1rios. De acordo com novo balan\u00e7o do \u00f3rg\u00e3o, divulgado ontem (20), o Brasil acumula 903 casos contra 750 empresas.\u00a0<\/p>\n<p>A quantidade de den\u00fancias registradas pelo MPT tem subido diariamente neste pleito. Na segunda (17), por exemplo,\u00a0<a href=\"https:\/\/www.redebrasilatual.com.br\/politica\/cabresto-denuncias-assedio-eleitoral-crescem-quase-80-2018\/\" target=\"_blank\" rel=\"noopener noreferrer\">eram 376 den\u00fancias\u00a0<\/a>de ass\u00e9dio eleitoral. Dois dias depois, j\u00e1 se somavam 706 queixas. E, somente de quarta para ontem, mais 197 casos de coa\u00e7\u00e3o foram registrados em todo o pa\u00eds. Aumento de 27,9% em apenas um dia.\u00a0<\/p>\n<p>O ass\u00e9dio eleitoral ocorre na tentativa de empresas e\/ou empregadores de influenciar no voto dos empregados, seja por meio de amea\u00e7as, como demiss\u00e3o, ou oferecendo algum tipo de benef\u00edcio, nesse caso, folgas e b\u00f4nus. A conduta, no entanto, pode caracterizar crime. Segundo o MPT, a regi\u00e3o Sudeste \u00e9 a que mais contabiliza casos at\u00e9 o momento, com 382 den\u00fancias. O estado de Minas Gerais \u00e9 o segundo com maior n\u00famero de registros, totalizando 254.\u00a0<\/p>\n<h3>Amea\u00e7as no Rio Grande do Sul<\/h3>\n<p>O ranking \u00e9 seguido pela regi\u00e3o Sul, com 261 casos de coa\u00e7\u00e3o eleitoral no ambiente de trabalho. Nos epis\u00f3dios que vieram a p\u00fablico at\u00e9 agora, o denominador comum \u00e9 o pedido de votos no atual presidente, Jair Bolsonaro (PL), ou contra o ex-presidente Luiz In\u00e1cio Lula da Silva (PT). Como ocorreu na empresa Stara, de m\u00e1quinas e implementos agr\u00edcolas sediada no Rio Grande do Sul. No local, o empres\u00e1rio Marcelo Dominici, do Grupo Terra Boa, foi\u00a0<a href=\"https:\/\/revistaforum.com.br\/politica\/2022\/10\/10\/video-executivo-da-stara-prega-voto-em-bolsonaro-para-trabalhadores-com-argumentos-anticomunistas-requentados-124682.html\" target=\"_blank\" rel=\"noopener noreferrer\">filmado fazendo um discurso<\/a>\u00a0de 15 minutos para os trabalhadores pedindo votos em Bolsonaro.\u00a0<\/p>\n<p>Durante sua fala, o empregador repetiu mentiras de que Lula \u201cimplantaria o comunismo\u201d e \u201ctransformaria o Brasil em uma Venezuela\u201d. Amea\u00e7ando tamb\u00e9m os trabalhadores para n\u00e3o comprarem nada pela companhia. \u201cVamos ver o que vai dar. Essa \u00e9 a realidade da empresa que voc\u00eas trabalham hoje\u201d, afirmou Dominici.\u00a0<\/p>\n<p>Reportagem de Guilherme Oliveira, do\u00a0<em>Seu Jornal<\/em>, da\u00a0<strong>TVT<\/strong>, mostra que de fato os relatos de ass\u00e9dio eleitoral s\u00e3o frequentes no Rio Grande do Sul. Mais de 50 empresas j\u00e1 haviam sido denunciadas. Mas apenas tr\u00eas delas assinaram termos de ajuste de conduta (TACs) propostos pelo MPT se comprometendo a se retratar pelo crime contra os trabalhadores.\u00a0<\/p>\n<h3><strong>Sindicalistas se mobilizam<\/strong><\/h3>\n<p>Os sindicatos, contudo, tamb\u00e9m est\u00e3o atuando para combater o ass\u00e9dio eleitoral nas empresas. Na manh\u00e3 dessa quinta, o Sindicatos dos Metal\u00fargicos de Canoas, no estado ga\u00facho, realizou uma atividade de conscientiza\u00e7\u00e3o nas portas de f\u00e1bricas da regi\u00e3o.\u00a0<\/p>\n<p>\u201cN\u00f3s estamos apresentando um material e fazendo assembleia mostrando a diferen\u00e7a de cada candidato. O trabalhador tem que ter consci\u00eancia de quem est\u00e1 defendendo o patronal e quem est\u00e1 defendendo os trabalhadores. E n\u00f3s estamos fazendo esse debate nas portas de f\u00e1bricas a respeito das reformas trabalhista, para revog\u00e1-la, assim como a reforma da previd\u00eancia. \u00c9 preciso aumentar a isen\u00e7\u00e3o do imposto de renda. \u00c9 um absurdo o trabalhador, que ganha a partir de R$ 2,2 mil, pagar 27% do imposto de renda. O trabalhador tem que votar consciente e votar para retomar os direitos dos trabalhadores\u201d, defendeu o presidente do sindicato, Paulo Chitolina.\u00a0<\/p>\n<p>Metal\u00fargico de uma das empresas visitadas, a AGCO, S\u00edlvio Roberto Bica avalia que a press\u00e3o patronal ocorre em favor de Bolsonaro \u201cporque os empres\u00e1rios, de uma certa forma, est\u00e3o sendo beneficiados com a pol\u00edtica desse atual governo. Quando (Bolsonaro) retira direitos dos trabalhadores, algu\u00e9m tem que se beneficiar. E esse algu\u00e9m s\u00e3o os empres\u00e1rios\u201d, observa.<\/p>\n<h3>Como denunciar<\/h3>\n<p>O senador Paulo Paim (PT-RS) destaca, no entanto, que a alta ocorr\u00eancia de ass\u00e9dio eleitoral exp\u00f5e \u201co fascismo e a barb\u00e1rie contra todo o processo democr\u00e1tico que lutamos tanto\u201d. \u00c0\u00a0<strong>TVT<\/strong>, o parlamentar destacou que nunca tinha visto a quantidade de empres\u00e1rios amea\u00e7ando os trabalhadores como nesse pleito. \u201cEu diria que dia 30 de outubro \u00e9 um plebiscito. Voc\u00ea vai votar qual a sua op\u00e7\u00e3o entre a democracia e a barb\u00e1rie e o fascismo. Claro que temos que votar pela democracia\u201d, destacou Paim.\u00a0<\/p>\n<p>As centrais sindicais tamb\u00e9m criaram um canal para receber den\u00fancias de ass\u00e9dio eleitoral e encaminh\u00e1-las ao Minist\u00e9rio P\u00fablico. O site pode ser conferido\u00a0<a href=\"https:\/\/assedioeleitoralecrime.com.br\/\" target=\"_blank\" rel=\"noopener noreferrer\">aqui<\/a>.\u00a0\u00a0<\/p>\n<div class=\"widget-area-after-single-content\"><strong>Fonte: Rede Brasil Atual<\/strong><\/div>\n<\/div>\n","protected":false},"excerpt":{"rendered":"<p>A menos de 10 dias para o segundo turno das elei\u00e7\u00f5es, o total de den\u00fancias de ass\u00e9dio eleitoral j\u00e1 supera os n\u00fameros de 2018, quando o Minist\u00e9rio P\u00fablico do Trabalho (MPT) registrou 212 den\u00fancias contra 98 empres\u00e1rios. De acordo com novo balan\u00e7o do \u00f3rg\u00e3o, divulgado ontem (20), o Brasil acumula 903 casos contra 750 empresas.\u00a0 [&hellip;]<\/p>\n","protected":false},"author":2,"featured_media":13283,"comment_status":"","ping_status":"","sticky":false,"template":"","format":"standard","meta":{"footnotes":""},"categories":[3],"tags":[],"class_list":["post-13284","post","type-post","status-publish","format-standard","has-post-thumbnail","hentry","category-noticias"],"_links":{"self":[{"href":"https:\/\/hostnetart.com.br\/baixada\/wp-json\/wp\/v2\/posts\/13284","targetHints":{"allow":["GET"]}}],"collection":[{"href":"https:\/\/hostnetart.com.br\/baixada\/wp-json\/wp\/v2\/posts"}],"about":[{"href":"https:\/\/hostnetart.com.br\/baixada\/wp-json\/wp\/v2\/types\/post"}],"author":[{"embeddable":true,"href":"https:\/\/hostnetart.com.br\/baixada\/wp-json\/wp\/v2\/users\/2"}],"replies":[{"embeddable":true,"href":"https:\/\/hostnetart.com.br\/baixada\/wp-json\/wp\/v2\/comments?post=13284"}],"version-history":[{"count":0,"href":"https:\/\/hostnetart.com.br\/baixada\/wp-json\/wp\/v2\/posts\/13284\/revisions"}],"wp:featuredmedia":[{"embeddable":true,"href":"https:\/\/hostnetart.com.br\/baixada\/wp-json\/wp\/v2\/media\/13283"}],"wp:attachment":[{"href":"https:\/\/hostnetart.com.br\/baixada\/wp-json\/wp\/v2\/media?parent=13284"}],"wp:term":[{"taxonomy":"category","embeddable":true,"href":"https:\/\/hostnetart.com.br\/baixada\/wp-json\/wp\/v2\/categories?post=13284"},{"taxonomy":"post_tag","embeddable":true,"href":"https:\/\/hostnetart.com.br\/baixada\/wp-json\/wp\/v2\/tags?post=13284"}],"curies":[{"name":"wp","href":"https:\/\/api.w.org\/{rel}","templated":true}]}}