{"id":13282,"date":"2022-10-21T17:49:15","date_gmt":"2022-10-21T20:49:15","guid":{"rendered":"https:\/\/hostnetart.com.br\/baixada\/materia-corporativa-do-bb-usa-foto-de-fazendeiros-fazendo-arminha\/"},"modified":"2022-10-21T17:49:15","modified_gmt":"2022-10-21T20:49:15","slug":"materia-corporativa-do-bb-usa-foto-de-fazendeiros-fazendo-arminha","status":"publish","type":"post","link":"https:\/\/hostnetart.com.br\/baixada\/materia-corporativa-do-bb-usa-foto-de-fazendeiros-fazendo-arminha\/","title":{"rendered":"Mat\u00e9ria corporativa do BB usa foto de fazendeiros fazendo \u201carminha\u201d"},"content":{"rendered":"<p>O sistema de comunica\u00e7\u00e3o interna do Banco do Brasil, tamb\u00e9m conhecido como intranet Corporativa, publicou, na ter\u00e7a-feira (18), um texto intitulado \u201cEmpatia e proximidade\u201d usando uma foto de produtores rurais fazendo o sinal de arma com as m\u00e3os para ilustrar o texto da entrevista com uma gerente de uma das unidades Estilo Agro. O gesto se tornou marca do presidente Jair Bolsonaro.<\/p>\n<p>Em menos de duas horas e ap\u00f3s coment\u00e1rios de banc\u00e1rios denunciando a poss\u00edvel apologia \u00e0 viol\u00eancia e propaganda pol\u00edtica, a imagem da mat\u00e9ria foi alterada.<\/p>\n<p>\u201cLament\u00e1vel! Entre tantas imagens de produtor rural, do campo, dos meios de produ\u00e7\u00e3o, escolheu-se uma imagem que instiga viol\u00eancia (simulando uso de armas)\u201d, escreveu um funcion\u00e1rio. \u201cEsse tipo de coisa \u00e9 totalmente contra a vida e o objetivo do Banco de valorizar a vida e as pessoas. Fazer arminha \u00e9 privilegiar uma cultura de morte e viol\u00eancia\u201d, destacou outro banc\u00e1rio.<\/p>\n<h3><strong>Marca pol\u00edtica<\/strong><\/h3>\n<p><a href=\"http:\/\/www.scielo.org.pe\/pdf\/contrat\/n35\/1993-4904-contrat-35-137.pdf\" target=\"_blank\" rel=\"noopener noreferrer\">Em artigo onde analisou os procedimentos midi\u00e1ticos de Jair Bolsonaro<\/a>, a mestre em Comunica\u00e7\u00e3o e Informa\u00e7\u00e3o pela Universidade Federal do Rio Grande do Sul (UFRGS), Gabriela D\u00e1vila, escreveu sobre o uso das m\u00e3os para simbolizar armas: \u201cTal gesto virou uma singularidade durante a campanha de Bolsonaro, sendo sua marca registrada at\u00e9 como presidente eleito, tendo em vista sua promessa de campanha da libera\u00e7\u00e3o do uso de armas para todos os cidad\u00e3os\u201d.<\/p>\n<p>O diretor de arte da Confedera\u00e7\u00e3o Nacional dos Trabalhadores do Ramo Financeiro (Contraf-CUT), Alexandre Rolim, explicou que n\u00e3o se deve desprezar o impacto dos s\u00edmbolos:<\/p>\n<p>\u201cNosso c\u00e9rebro, naturalmente, faz o arquivamento dos elementos que recebe de todos os sentidos do corpo. Os sonhos, por exemplo, s\u00e3o maneiras de lidar com a quantidade de informa\u00e7\u00f5es que vamos arquivando ao longo do dia. Ent\u00e3o, o que tem de grave na populariza\u00e7\u00e3o do gesto de arma com as m\u00e3os? Primeiro, o fato de a arma, em si, ser um objeto que remete muito mais \u00e0 viol\u00eancia do que \u00e0 pr\u00f3pria seguran\u00e7a. O segundo agravante \u00e9 o fato de o pr\u00f3prio chefe de Estado ter como s\u00edmbolo a arma. Isso pode contribuir para a naturaliza\u00e7\u00e3o mental do uso da viol\u00eancia e da coa\u00e7\u00e3o como sa\u00edda para resolu\u00e7\u00e3o de problemas\u201d, completou.<\/p>\n<p>Alexandre, que tamb\u00e9m \u00e9 doutorando em Comunica\u00e7\u00e3o e Semi\u00f3tica (ci\u00eancia que estuda como o indiv\u00edduo atribui significado a tudo o que est\u00e1 ao seu redor), pela Escola de Comunica\u00e7\u00e3o da USP, observa que a propaga\u00e7\u00e3o do sinal da arma pode tamb\u00e9m prejudicar a imagem que os trabalhadores constroem em rela\u00e7\u00e3o ao Banco do Brasil, em termos de valores e miss\u00e3o. \u201cO que a empresa quer dizer com isso? Ela apoia a viol\u00eancia? Ela apoia a viol\u00eancia no campo? Que mensagem subliminar pode acabar sendo induzida entre seus funcion\u00e1rios?\u201d, questionou.<\/p>\n<h3><strong>Promo\u00e7\u00e3o de ass\u00e9dio eleitoral<\/strong><\/h3>\n<p>Para o coordenador da Comiss\u00e3o de Empresa dos Funcion\u00e1rios do Banco do Brasil (CEBB), Jo\u00e3o Fukunaga, a escolha da imagem que remete ao bolsonarismo \u00e9 preocupante,\u00a0<a href=\"https:\/\/contrafcut.com.br\/noticias\/funcionarios-do-bb-sao-coagidos-pela-direcao-a-usar-amarelo\/\" target=\"_blank\" rel=\"noopener noreferrer\">sobretudo ap\u00f3s recente den\u00fancia de trabalhadores que foram solicitados, pelos superiores, a usar camisas de cor amarela<\/a>\u00a0durante as atividades do MPE Week e coagidos a postar fotos com a vestimenta em seus pr\u00f3prios perfis nas redes sociais, algo in\u00e9dito desde que o evento voltado \u00e0s micro e pequenas empresas foi criado, em 2018.<\/p>\n<p>\u201cEstamos vendo agora, nos notici\u00e1rios,\u00a0<a href=\"https:\/\/g1.globo.com\/politica\/eleicoes\/2022\/noticia\/2022\/10\/19\/denuncias-de-assedio-eleitoral-sobem-de-447-para-706-em-um-dia.ghtml\" target=\"_blank\" rel=\"noopener noreferrer\">o registro do Minist\u00e9rio P\u00fablico do Trabalho sobre o aumento de 58% das den\u00fancias de ass\u00e9dio eleitoral<\/a>. Ou seja, de empregadores exigindo dos funcion\u00e1rios o voto em determinado candidato, sob amea\u00e7a de demiss\u00e3o\u201d, destacou. \u201cEnt\u00e3o, nossa avalia\u00e7\u00e3o \u00e9 que essas atitudes da dire\u00e7\u00e3o e da comunica\u00e7\u00e3o do banco acabem resvalando para a promo\u00e7\u00e3o do ass\u00e9dio\u201d, concluiu.<\/p>\n<p><strong>Fonte: Contraf-CUT<\/strong><\/p>\n","protected":false},"excerpt":{"rendered":"<p>O sistema de comunica\u00e7\u00e3o interna do Banco do Brasil, tamb\u00e9m conhecido como intranet Corporativa, publicou, na ter\u00e7a-feira (18), um texto intitulado \u201cEmpatia e proximidade\u201d usando uma foto de produtores rurais fazendo o sinal de arma com as m\u00e3os para ilustrar o texto da entrevista com uma gerente de uma das unidades Estilo Agro. O gesto [&hellip;]<\/p>\n","protected":false},"author":2,"featured_media":13281,"comment_status":"","ping_status":"","sticky":false,"template":"","format":"standard","meta":{"footnotes":""},"categories":[3],"tags":[],"class_list":["post-13282","post","type-post","status-publish","format-standard","has-post-thumbnail","hentry","category-noticias"],"_links":{"self":[{"href":"https:\/\/hostnetart.com.br\/baixada\/wp-json\/wp\/v2\/posts\/13282","targetHints":{"allow":["GET"]}}],"collection":[{"href":"https:\/\/hostnetart.com.br\/baixada\/wp-json\/wp\/v2\/posts"}],"about":[{"href":"https:\/\/hostnetart.com.br\/baixada\/wp-json\/wp\/v2\/types\/post"}],"author":[{"embeddable":true,"href":"https:\/\/hostnetart.com.br\/baixada\/wp-json\/wp\/v2\/users\/2"}],"replies":[{"embeddable":true,"href":"https:\/\/hostnetart.com.br\/baixada\/wp-json\/wp\/v2\/comments?post=13282"}],"version-history":[{"count":0,"href":"https:\/\/hostnetart.com.br\/baixada\/wp-json\/wp\/v2\/posts\/13282\/revisions"}],"wp:featuredmedia":[{"embeddable":true,"href":"https:\/\/hostnetart.com.br\/baixada\/wp-json\/wp\/v2\/media\/13281"}],"wp:attachment":[{"href":"https:\/\/hostnetart.com.br\/baixada\/wp-json\/wp\/v2\/media?parent=13282"}],"wp:term":[{"taxonomy":"category","embeddable":true,"href":"https:\/\/hostnetart.com.br\/baixada\/wp-json\/wp\/v2\/categories?post=13282"},{"taxonomy":"post_tag","embeddable":true,"href":"https:\/\/hostnetart.com.br\/baixada\/wp-json\/wp\/v2\/tags?post=13282"}],"curies":[{"name":"wp","href":"https:\/\/api.w.org\/{rel}","templated":true}]}}