{"id":13280,"date":"2022-10-20T14:19:50","date_gmt":"2022-10-20T17:19:50","guid":{"rendered":"https:\/\/hostnetart.com.br\/baixada\/guedes-planeja-cortar-correcao-pela-inflacao-de-salario-minimo-e-beneficios-previdenciarios\/"},"modified":"2022-10-20T14:19:50","modified_gmt":"2022-10-20T17:19:50","slug":"guedes-planeja-cortar-correcao-pela-inflacao-de-salario-minimo-e-beneficios-previdenciarios","status":"publish","type":"post","link":"https:\/\/hostnetart.com.br\/baixada\/guedes-planeja-cortar-correcao-pela-inflacao-de-salario-minimo-e-beneficios-previdenciarios\/","title":{"rendered":"Guedes planeja cortar corre\u00e7\u00e3o pela infla\u00e7\u00e3o de sal\u00e1rio m\u00ednimo e benef\u00edcios previdenci\u00e1rios"},"content":{"rendered":"<p>O ministro Paulo Guedes planeja enviar uma proposta de emenda \u00e0 Constitui\u00e7\u00e3o (PEC) ao Congresso Nacional, caso Jair Bolsonaro (PL) seja reeleito, que prev\u00ea sal\u00e1rio m\u00ednimo e benef\u00edcios previdenci\u00e1rios, como a aposentadoria e o\u00a0<a href=\"https:\/\/www.redebrasilatual.com.br\/cidadania\/quem-recebe-pensao-e-beneficio-tambem-vai-perder-com-a-reforma-da-previdencia\/\" target=\"_blank\" rel=\"noopener noreferrer\">Benef\u00edcio de Presta\u00e7\u00e3o Continuada<\/a>\u00a0(BPC), sem corre\u00e7\u00e3o pela infla\u00e7\u00e3o do ano anterior. \u00a0Atualmente, os benef\u00edcios s\u00e3o corrigidos anualmente pelo \u00cdndice Nacional de Pre\u00e7os ao Consumidor (INPC) do ano anterior, o que garante a estabilidade do sal\u00e1rio em rela\u00e7\u00e3o ao aumento de pre\u00e7os para fam\u00edlias que ganham at\u00e9 cinco sal\u00e1rios m\u00ednimos. \u00a0<\/p>\n<p>Segundo o plano de governo de Guedes, que cont\u00e9m a proposta e ao qual o jornal\u00a0<em>Folha de S.Paulo<\/em>\u00a0teve acesso, o piso ser\u00e1 calculado a partir da \u201cexpectativa de infla\u00e7\u00e3o e \u00e9 corrigido, no m\u00ednimo, pela meta de infla\u00e7\u00e3o\u201d. Com isso, o governo pode corrigir os benef\u00edcios abaixo da infla\u00e7\u00e3o, diminuindo o poder de compra da popula\u00e7\u00e3o mais pobre.\u00a0O governo ainda estuda a utiliza\u00e7\u00e3o do \u00cdndice Nacional de Pre\u00e7os ao Consumidor Amplo (IPCA), que costuma ser menor do que o INPC, para medir as corre\u00e7\u00f5es. \u00a0<\/p>\n<p>A despeito da Constitui\u00e7\u00e3o Federal que garante a corre\u00e7\u00e3o pela infla\u00e7\u00e3o, o governo federal enviou a proposta or\u00e7ament\u00e1ria de 2023 para o Congresso Nacional sem reajuste al\u00e9m da infla\u00e7\u00e3o pelo quarto ano consecutivo.<\/p>\n<h3>Teto de gastos<\/h3>\n<p>Com as mudan\u00e7as que planeja, a inten\u00e7\u00e3o do ministro de Bolsonaro \u00e9 reformular o teto de gastos e frear o crescimento de despesas que hoje pressionam o Or\u00e7amento \u2014 entre elas, os benef\u00edcios previdenci\u00e1rios ou atrelados ao sal\u00e1rio m\u00ednimo.<\/p>\n<div class=\"widget-area-inside-single-content\">O ministro trata o assunto como um legado de sua gest\u00e3o, mas a proposta s\u00f3 deve ser oficializada no caso de uma vit\u00f3ria de Bolsonaro no pr\u00f3ximo dia 30. Nesse caso, uma PEC seria apresentada no dia seguinte \u00e0 elei\u00e7\u00e3o.<\/div>\n<p class=\"has-background\">A perman\u00eancia de Guedes em eventual segundo mandato do presidente, afirmam interlocutores, estaria condicionada \u00e0 disposi\u00e7\u00e3o do Pal\u00e1cio do Planalto de abra\u00e7ar os planos para o que ele chama de \u201cnovo marco fiscal\u201d, visto pelo ministro como um refor\u00e7o ao chamado trip\u00e9 macroecon\u00f4mico \u2014 c\u00e2mbio flutuante, metas de infla\u00e7\u00e3o e metas fiscais. Bolsonaro j\u00e1 declarou que, se quiser, o ministro permanecer\u00e1 na equipe na hip\u00f3tese de reelei\u00e7\u00e3o.<\/p>\n<hr class=\"wp-block-separator\" \/>\n<p><em>Com informa\u00e7\u00f5es da<\/em>\u00a0<a href=\"https:\/\/www1.folha.uol.com.br\/\" target=\"_blank\" rel=\"noopener noreferrer\">Folha de S.Paulo<\/a>\u00a0<em>e<\/em>\u00a0<a href=\"https:\/\/www.brasildefato.com.br\/\" target=\"_blank\" rel=\"noopener noreferrer\">Brasil de Fat<\/a><em><a href=\"https:\/\/www.brasildefato.com.br\/\" target=\"_blank\" rel=\"noopener noreferrer\">o<\/a><\/em><\/p>\n","protected":false},"excerpt":{"rendered":"<p>O ministro Paulo Guedes planeja enviar uma proposta de emenda \u00e0 Constitui\u00e7\u00e3o (PEC) ao Congresso Nacional, caso Jair Bolsonaro (PL) seja reeleito, que prev\u00ea sal\u00e1rio m\u00ednimo e benef\u00edcios previdenci\u00e1rios, como a aposentadoria e o\u00a0Benef\u00edcio de Presta\u00e7\u00e3o Continuada\u00a0(BPC), sem corre\u00e7\u00e3o pela infla\u00e7\u00e3o do ano anterior. \u00a0Atualmente, os benef\u00edcios s\u00e3o corrigidos anualmente pelo \u00cdndice Nacional de Pre\u00e7os [&hellip;]<\/p>\n","protected":false},"author":2,"featured_media":13279,"comment_status":"","ping_status":"","sticky":false,"template":"","format":"standard","meta":{"footnotes":""},"categories":[3],"tags":[],"class_list":["post-13280","post","type-post","status-publish","format-standard","has-post-thumbnail","hentry","category-noticias"],"_links":{"self":[{"href":"https:\/\/hostnetart.com.br\/baixada\/wp-json\/wp\/v2\/posts\/13280","targetHints":{"allow":["GET"]}}],"collection":[{"href":"https:\/\/hostnetart.com.br\/baixada\/wp-json\/wp\/v2\/posts"}],"about":[{"href":"https:\/\/hostnetart.com.br\/baixada\/wp-json\/wp\/v2\/types\/post"}],"author":[{"embeddable":true,"href":"https:\/\/hostnetart.com.br\/baixada\/wp-json\/wp\/v2\/users\/2"}],"replies":[{"embeddable":true,"href":"https:\/\/hostnetart.com.br\/baixada\/wp-json\/wp\/v2\/comments?post=13280"}],"version-history":[{"count":0,"href":"https:\/\/hostnetart.com.br\/baixada\/wp-json\/wp\/v2\/posts\/13280\/revisions"}],"wp:featuredmedia":[{"embeddable":true,"href":"https:\/\/hostnetart.com.br\/baixada\/wp-json\/wp\/v2\/media\/13279"}],"wp:attachment":[{"href":"https:\/\/hostnetart.com.br\/baixada\/wp-json\/wp\/v2\/media?parent=13280"}],"wp:term":[{"taxonomy":"category","embeddable":true,"href":"https:\/\/hostnetart.com.br\/baixada\/wp-json\/wp\/v2\/categories?post=13280"},{"taxonomy":"post_tag","embeddable":true,"href":"https:\/\/hostnetart.com.br\/baixada\/wp-json\/wp\/v2\/tags?post=13280"}],"curies":[{"name":"wp","href":"https:\/\/api.w.org\/{rel}","templated":true}]}}