{"id":13278,"date":"2022-10-20T14:17:54","date_gmt":"2022-10-20T17:17:54","guid":{"rendered":"https:\/\/hostnetart.com.br\/baixada\/caixa-reduz-verbas-para-agencias\/"},"modified":"2022-10-20T14:17:54","modified_gmt":"2022-10-20T17:17:54","slug":"caixa-reduz-verbas-para-agencias","status":"publish","type":"post","link":"https:\/\/hostnetart.com.br\/baixada\/caixa-reduz-verbas-para-agencias\/","title":{"rendered":"Caixa reduz verbas para ag\u00eancias"},"content":{"rendered":"<p>A Caixa Econ\u00f4mica Federal tem lan\u00e7ado, nos \u00faltimos meses, diversos produtos voltados para as classes mais baixas e para as mulheres, como a concess\u00e3o de empr\u00e9stimos consignados para benefici\u00e1rios do Aux\u00edlio Emergencial. Tais medidas t\u00eam aumentado a demanda pelos servi\u00e7os. Em contrapartida, o banco vem reduzindo os recursos para a aquisi\u00e7\u00e3o de insumos utilizados no dia a dia do atendimento aos clientes. Para as entidades de representa\u00e7\u00e3o dos empregados, como a Confedera\u00e7\u00e3o Nacional dos Trabalhadores do Ramo Financeiro (Contraf-CUT) e a Federa\u00e7\u00e3o Nacional das Associa\u00e7\u00f5es do Pessoal da Caixa (Fenae), o banco est\u00e1 sendo utilizado com finalidades pol\u00edticas e as condi\u00e7\u00f5es de trabalho precarizadas.<\/p>\n<p>\u201cAs empregadas e empregados, que j\u00e1 estavam sobrecarregados, est\u00e3o tendo que trabalhar ainda mais. Em alguns casos, o tempo de espera para atendimento \u00e9 de mais de tr\u00eas horas\u201d, observou a banc\u00e1ria da Caixa e diretora executiva da Confedera\u00e7\u00e3o Nacional dos Trabalhadores do Ramo Financeiro (Contraf-CUT), Eliana Brasil.<\/p>\n<p>Para a diretora da Contraf-CUT, o aumento da demanda est\u00e1 sendo realizada sem o devido cuidado. \u201cVem ocorrendo de uma forma atabalhoada. N\u00e3o h\u00e1 contrata\u00e7\u00e3o proporcional para atend\u00ea-la, nem dota\u00e7\u00e3o para o pagamento de horas-extras e tampouco melhora da estrutura de atendimento. Ao contr\u00e1rio, o banco vem reduzindo os recursos do \u2018caixinha\u2019 para a compra, em \u2018pronto pagamento\u2019 pelas ag\u00eancias, de materiais descart\u00e1veis, caf\u00e9, a\u00e7\u00facar e at\u00e9 grampos de papel e papel higi\u00eanico. Os pr\u00f3prios empregados precisam colocar dinheiro do bolso para estes produtos\u201d, explicou Eliana, ao lembrar que a falta destes materiais prejudica o bom atendimento.<\/p>\n<p>Em entrevista concedida pela presidenta da Caixa, Daniella Marques, ao programa P\u00e2nico, da Jovem Pan, o apresentador Em\u00edlio Surita elogiou o atendimento da gerente de sua ag\u00eancia, mas\u00a0<a href=\"https:\/\/youtu.be\/7iDOKQSO95k?t=25\" target=\"_blank\" rel=\"noopener noreferrer\">reclamou do \u201ccaf\u00e9 frio\u201d<\/a>. \u201cO que ele n\u00e3o sabe, \u00e9 que, como o p\u00f3 de caf\u00e9 \u00e9 comprado pelos empregados, n\u00e3o d\u00e1 para fazer caf\u00e9 a toda hora. O mesmo acaba ficando frio. Caf\u00e9 quente tem em Bras\u00edlia, na matriz do banco, como observou a pr\u00f3pria Daniella. L\u00e1 o dinheiro para a compra do p\u00f3 n\u00e3o sai do bolso dela e tem copeira para fazer caf\u00e9 na hora, o que n\u00e3o tem nas ag\u00eancias\u201d, disse.<\/p>\n<h3><strong>Uso pol\u00edtico da Caixa<\/strong><\/h3>\n<p>Entidades de representa\u00e7\u00e3o dos empregados, como a Contraf-CUT e a Fenae, v\u00eam denunciando o uso da Caixa para finalidades pol\u00edticas\u00a0<a href=\"https:\/\/contrafcut.com.br\/noticias\/nova-denuncia-de-uso-pessoal-e-politico-da-caixa-atinge-presidente-do-banco\" target=\"_blank\" rel=\"noopener noreferrer\">desde a gest\u00e3o de Pedro Guimar\u00e3es<\/a>\u00a0e, ap\u00f3s a sua queda, a continuidade deste mal-uso pela atual gest\u00e3o, com a cria\u00e7\u00e3o de produtos voltados \u00e0s mulheres.<\/p>\n<p>Agora, desde o dia 11, a Caixa passou a conceder empr\u00e9stimo consignado aos benefici\u00e1rios do Aux\u00edlio Emergencial. Na segunda-feira (17), a presidenta do banco afirmou que, at\u00e9 sexta-feira (14), a Caixa havia concedido R$ 1,8 bilh\u00e3o de cr\u00e9dito consignado a 700 mil benefici\u00e1rios do Aux\u00edlio Emergencial. Ou seja, bastaram tr\u00eas dias para que houvesse tamanha disponibiliza\u00e7\u00e3o de recursos.<\/p>\n<p>Outros bancos tamb\u00e9m foram liberados para conceder empr\u00e9stimos consignados para este p\u00fablico, mas\u00a0<a href=\"https:\/\/economia.uol.com.br\/noticias\/estadao-conteudo\/2022\/10\/18\/mp-junto-ao-tcu-pede-suspensao-de-concessao-de-consignado-do-auxilio-pela-caixa.amp.htm\" target=\"_blank\" rel=\"noopener noreferrer\">consideram a opera\u00e7\u00e3o arriscada<\/a>\u00a0e n\u00e3o abriram esta linha de cr\u00e9dito.<\/p>\n<p>Coincid\u00eancia ou n\u00e3o, a popula\u00e7\u00e3o de baixa renda e as mulheres comp\u00f5em justamente os p\u00fablicos onde a rejei\u00e7\u00e3o ao presidente da Rep\u00fablica e candidato \u00e0 reelei\u00e7\u00e3o, Jair Bolsonaro (PL), \u00e9 maior. Isto fez com que o Minist\u00e9rio P\u00fablico visse o poss\u00edvel \u201cdesvio de finalidade\u201d e uso \u201cmeramente eleitoral\u201d da Caixa e pedisse a\u00a0<a href=\"https:\/\/g1.globo.com\/politica\/noticia\/2022\/10\/18\/ministerio-publico-junto-ao-tcu-pede-suspensao-do-consignado-do-auxilio-brasil.ghtml\" target=\"_blank\" rel=\"noopener noreferrer\">suspens\u00e3o da concess\u00e3o<\/a>\u00a0pelo banco de empr\u00e9stimo consignado aos benefici\u00e1rios do Aux\u00edlio Emergencial.<\/p>\n<p>\u201cEstamos denunciando o uso pol\u00edtico da Caixa desde quando Pedro Guimar\u00e3es estava \u00e0 frente do comando do banco e, como vemos, a atual gest\u00e3o manteve esta mesma postura\u201d, disse a diretora da Contraf-CUT.<\/p>\n<p>O diretor do Sindicato dos Banc\u00e1rios do ABC, Hugo Saraiva,\u00a0<a href=\"https:\/\/www.bancariosabc.org.br\/bancos\/caixa\/7441-caixa-reduz-valor-de-verba-para-abastecer-ag%C3%AAncias.html\" target=\"_blank\" rel=\"noopener noreferrer\">refor\u00e7a a cr\u00edtica<\/a>\u00a0de Eliana Brasil. \u201cO governo federal faz uso eleitoreiro da Caixa a favor da candidatura do atual presidente e, em alguns locais, a procura de informa\u00e7\u00f5es e pedidos de empr\u00e9stimo consignado j\u00e1 se compara \u00e0 demanda do Aux\u00edlio Emergencial como um todo, levando at\u00e9 mesmo gerentes de contas empresariais (PJ) a ter que realizar atendimentos para este p\u00fablico\u201d, concluiu.<\/p>\n<p><strong>Fonte: Contraf-CUT<\/strong><\/p>\n","protected":false},"excerpt":{"rendered":"<p>A Caixa Econ\u00f4mica Federal tem lan\u00e7ado, nos \u00faltimos meses, diversos produtos voltados para as classes mais baixas e para as mulheres, como a concess\u00e3o de empr\u00e9stimos consignados para benefici\u00e1rios do Aux\u00edlio Emergencial. Tais medidas t\u00eam aumentado a demanda pelos servi\u00e7os. Em contrapartida, o banco vem reduzindo os recursos para a aquisi\u00e7\u00e3o de insumos utilizados no [&hellip;]<\/p>\n","protected":false},"author":2,"featured_media":13277,"comment_status":"","ping_status":"","sticky":false,"template":"","format":"standard","meta":{"footnotes":""},"categories":[3],"tags":[],"class_list":["post-13278","post","type-post","status-publish","format-standard","has-post-thumbnail","hentry","category-noticias"],"_links":{"self":[{"href":"https:\/\/hostnetart.com.br\/baixada\/wp-json\/wp\/v2\/posts\/13278","targetHints":{"allow":["GET"]}}],"collection":[{"href":"https:\/\/hostnetart.com.br\/baixada\/wp-json\/wp\/v2\/posts"}],"about":[{"href":"https:\/\/hostnetart.com.br\/baixada\/wp-json\/wp\/v2\/types\/post"}],"author":[{"embeddable":true,"href":"https:\/\/hostnetart.com.br\/baixada\/wp-json\/wp\/v2\/users\/2"}],"replies":[{"embeddable":true,"href":"https:\/\/hostnetart.com.br\/baixada\/wp-json\/wp\/v2\/comments?post=13278"}],"version-history":[{"count":0,"href":"https:\/\/hostnetart.com.br\/baixada\/wp-json\/wp\/v2\/posts\/13278\/revisions"}],"wp:featuredmedia":[{"embeddable":true,"href":"https:\/\/hostnetart.com.br\/baixada\/wp-json\/wp\/v2\/media\/13277"}],"wp:attachment":[{"href":"https:\/\/hostnetart.com.br\/baixada\/wp-json\/wp\/v2\/media?parent=13278"}],"wp:term":[{"taxonomy":"category","embeddable":true,"href":"https:\/\/hostnetart.com.br\/baixada\/wp-json\/wp\/v2\/categories?post=13278"},{"taxonomy":"post_tag","embeddable":true,"href":"https:\/\/hostnetart.com.br\/baixada\/wp-json\/wp\/v2\/tags?post=13278"}],"curies":[{"name":"wp","href":"https:\/\/api.w.org\/{rel}","templated":true}]}}