{"id":13276,"date":"2022-10-19T17:21:21","date_gmt":"2022-10-19T20:21:21","guid":{"rendered":"https:\/\/hostnetart.com.br\/baixada\/alimentacao-subiu-muito-mais-que-salario\/"},"modified":"2022-10-19T17:21:21","modified_gmt":"2022-10-19T20:21:21","slug":"alimentacao-subiu-muito-mais-que-salario","status":"publish","type":"post","link":"https:\/\/hostnetart.com.br\/baixada\/alimentacao-subiu-muito-mais-que-salario\/","title":{"rendered":"Alimenta\u00e7\u00e3o subiu muito mais que sal\u00e1rio"},"content":{"rendered":"<p>De janeiro de 2019 a agosto de 2022, a cesta b\u00e1sica subiu 71% em Curitiba, Florian\u00f3polis e Recife. Essas foram as maiores eleva\u00e7\u00f5es medidas pelo Departamento Intersindical de Estat\u00edstica e Estudos Socioecon\u00f4micos (Dieese) que acompanha esse valor em 17 capitais do pa\u00eds. Com essa alta, a compra dos alimentos fundamentais para uma fam\u00edlia m\u00e9dia alcan\u00e7ou nessas cidades R$ 685,69, R$ 746,21 e R$ 598,14, respectivamente.<\/p>\n<p>S\u00e3o Paulo, com varia\u00e7\u00e3o de 60% no mesmo per\u00edodo, \u00e9 a cidade com a cesta mais cara: R$ 749,78. Logo a seguir, est\u00e3o Florian\u00f3polis (R$ 746,21), Rio de Janeiro (R$ 717,82) e Curitiba (R$ 685,69). Mesmo em Aracaju, onde se compra a cesta mais barata, a situa\u00e7\u00e3o n\u00e3o \u00e9 nada f\u00e1cil, pois o \u00edndice foi de 51%, o que elevou o pre\u00e7o de R$ 356,56 para R$ 539,57 no per\u00edodo.<\/p>\n<p>A infla\u00e7\u00e3o oficial do pa\u00eds, medida pelo Instituto Brasileiro de Geografia e Estat\u00edstica (IBGE), por meio do \u00cdndice de Pre\u00e7os ao Consumidor Amplo (IPCA), que \u00e9 a base para corre\u00e7\u00f5es salariais, foi de 25,26% nesse intervalo de janeiro de 2019 a agosto de 2022. Outro indicador b\u00e1sico do comportamento da infla\u00e7\u00e3o no pa\u00eds, tamb\u00e9m medido pelo IBGE, o \u00cdndice Nacional de Pre\u00e7os ao Consumido (INPC) ficou em 27,01%, igualmente bem abaixo da alta que sofreram os alimentos.<\/p>\n<p>O sal\u00e1rio m\u00ednimo, a principal refer\u00eancia de renda para as fam\u00edlias que enfrentam mais dificuldades financeiras no Brasil, tamb\u00e9m teve corre\u00e7\u00e3o muito abaixo da alta dos alimentos. Seu valor, que era de R$ 954 em 2018, est\u00e1 hoje em R$ 1.212. Ou seja, no per\u00edodo em quest\u00e3o teve um reajuste de parcos 27,04%.<\/p>\n<h3><strong>B\u00e1sico do b\u00e1sico<\/strong><\/h3>\n<p>Nessa situa\u00e7\u00e3o t\u00e3o adversa, em que os ganhos reduzem e os pre\u00e7os sobem sem parar, \u00e9 de se esperar que as fam\u00edlias, sem dinheiro suficiente para consumir uma cesta b\u00e1sica completa por m\u00eas, tenham que escolher muito o que podem comprar, para fugir da fome. Mas isso tamb\u00e9m tem ficado a cada dia mais dif\u00edcil, pois os pre\u00e7os dos itens mais b\u00e1sicos da alimenta\u00e7\u00e3o tamb\u00e9m n\u00e3o d\u00e3o uma tr\u00e9gua.<\/p>\n<p>Todos os itens ficaram muito caros, mas entre os que mais chamam a aten\u00e7\u00e3o est\u00e3o o \u00f3leo de soja, que subiu entre 188% (em Vit\u00f3ria) e 138% (Rio e Belo Horizonte); o leite, entre 151% (Florian\u00f3polis) e 82% (Bel\u00e9m); o caf\u00e9, entre 127% (Goi\u00e2nia) e 63% (Rio); a carne, entre 103% (Bel\u00e9m) e 57% (Aracaju). Com essa carestia do pre\u00e7o dos alimentos, nem banana se encontra mais a pre\u00e7o de banana: a fruta, por exemplo, subiu 107% em Campo Grande, 91% em Bras\u00edlia e 83% em Natal.<\/p>\n<p><strong>Fonte: Contraf-CUT<\/strong><\/p>\n","protected":false},"excerpt":{"rendered":"<p>De janeiro de 2019 a agosto de 2022, a cesta b\u00e1sica subiu 71% em Curitiba, Florian\u00f3polis e Recife. Essas foram as maiores eleva\u00e7\u00f5es medidas pelo Departamento Intersindical de Estat\u00edstica e Estudos Socioecon\u00f4micos (Dieese) que acompanha esse valor em 17 capitais do pa\u00eds. Com essa alta, a compra dos alimentos fundamentais para uma fam\u00edlia m\u00e9dia alcan\u00e7ou [&hellip;]<\/p>\n","protected":false},"author":2,"featured_media":13275,"comment_status":"","ping_status":"","sticky":false,"template":"","format":"standard","meta":{"footnotes":""},"categories":[3],"tags":[],"class_list":["post-13276","post","type-post","status-publish","format-standard","has-post-thumbnail","hentry","category-noticias"],"_links":{"self":[{"href":"https:\/\/hostnetart.com.br\/baixada\/wp-json\/wp\/v2\/posts\/13276","targetHints":{"allow":["GET"]}}],"collection":[{"href":"https:\/\/hostnetart.com.br\/baixada\/wp-json\/wp\/v2\/posts"}],"about":[{"href":"https:\/\/hostnetart.com.br\/baixada\/wp-json\/wp\/v2\/types\/post"}],"author":[{"embeddable":true,"href":"https:\/\/hostnetart.com.br\/baixada\/wp-json\/wp\/v2\/users\/2"}],"replies":[{"embeddable":true,"href":"https:\/\/hostnetart.com.br\/baixada\/wp-json\/wp\/v2\/comments?post=13276"}],"version-history":[{"count":0,"href":"https:\/\/hostnetart.com.br\/baixada\/wp-json\/wp\/v2\/posts\/13276\/revisions"}],"wp:featuredmedia":[{"embeddable":true,"href":"https:\/\/hostnetart.com.br\/baixada\/wp-json\/wp\/v2\/media\/13275"}],"wp:attachment":[{"href":"https:\/\/hostnetart.com.br\/baixada\/wp-json\/wp\/v2\/media?parent=13276"}],"wp:term":[{"taxonomy":"category","embeddable":true,"href":"https:\/\/hostnetart.com.br\/baixada\/wp-json\/wp\/v2\/categories?post=13276"},{"taxonomy":"post_tag","embeddable":true,"href":"https:\/\/hostnetart.com.br\/baixada\/wp-json\/wp\/v2\/tags?post=13276"}],"curies":[{"name":"wp","href":"https:\/\/api.w.org\/{rel}","templated":true}]}}