{"id":13274,"date":"2022-10-19T16:05:30","date_gmt":"2022-10-19T19:05:30","guid":{"rendered":"https:\/\/hostnetart.com.br\/baixada\/sindicato-dos-bancarios-da-baixada-fluminense-protesta-contra-terceirizacao-no-santander\/"},"modified":"2022-10-19T16:05:30","modified_gmt":"2022-10-19T19:05:30","slug":"sindicato-dos-bancarios-da-baixada-fluminense-protesta-contra-terceirizacao-no-santander","status":"publish","type":"post","link":"https:\/\/hostnetart.com.br\/baixada\/sindicato-dos-bancarios-da-baixada-fluminense-protesta-contra-terceirizacao-no-santander\/","title":{"rendered":"Sindicato dos Banc\u00e1rios da Baixada Fluminense protesta contra terceiriza\u00e7\u00e3o no Santander"},"content":{"rendered":"<p>Nesta quarta-feira, 19 de outubro, o\u00a0Sindicato dos Banc\u00e1rios da Baixada Fluminense\u00a0percorreu ag\u00eancias do Santander de sua base, em Duque de Caxias, para protestar contra a terceiriza\u00e7\u00e3o em curso no banco espanhol.<\/p>\n<p>Com essa manobra, funcion\u00e1rios que s\u00e3o realocados nas empresas terceirizadas deixam de ter os benef\u00edcios conquistados na Conven\u00e7\u00e3o Coletiva de Trabalho (CCT) da categoria banc\u00e1ria, como jornada de seis horas, a Participa\u00e7\u00e3o nos Lucros e Resultados (PLR), al\u00e9m de redu\u00e7\u00e3o no aux\u00edlio-creche\/bab\u00e1.<\/p>\n<p>Gentil Ramos, Diretor do Sindicato e funcion\u00e1rio do Banco Santander, lembrou da luta para barrar\u00a0o Projeto de Lei (PL) n\u00ba 4330, que escancarava a possibilidade de terceiriza\u00e7\u00e3o de qualquer processo e etapa do trabalho, sem distinguir entre atividade fim e meios. &#8220;A categoria banc\u00e1ria j\u00e1 viveu essa situa\u00e7\u00e3o h\u00e1 tempos atr\u00e1s. Essa\u00a0pr\u00e1tica,\u00a0a pretexto de regulamentar a terceiriza\u00e7\u00e3o, escancara a porteira para a desregulamenta\u00e7\u00e3o do trabalho.\u00a0Estaremos atentos e lutando para que isso n\u00e3o ocorra, e protegendo os direitos dos trabalhadores e trabalhadoras&#8221;.<\/p>\n<p>Solange Ribeiro, que tamb\u00e9m \u00e9 diretora do Sindicato e funcion\u00e1ria do banco, finalizou:\u00a0&#8220;O\u00a0banco n\u00e3o quer respeitar o processo negocial coletivo e n\u00e3o vem dialogando com a categoria. Falta respeito aos\u00a0trabalhadores que sofrer\u00e3o altera\u00e7\u00f5es profundas nos seus contratos de trabalho, podendo ter perdas de\u00a0sal\u00e1rio e de direitos&#8221;.<\/p>\n<p><em>*Confira todas as fotos em nossas redes sociais<\/em><\/p>\n","protected":false},"excerpt":{"rendered":"<p>Nesta quarta-feira, 19 de outubro, o\u00a0Sindicato dos Banc\u00e1rios da Baixada Fluminense\u00a0percorreu ag\u00eancias do Santander de sua base, em Duque de Caxias, para protestar contra a terceiriza\u00e7\u00e3o em curso no banco espanhol. Com essa manobra, funcion\u00e1rios que s\u00e3o realocados nas empresas terceirizadas deixam de ter os benef\u00edcios conquistados na Conven\u00e7\u00e3o Coletiva de Trabalho (CCT) da categoria [&hellip;]<\/p>\n","protected":false},"author":2,"featured_media":13273,"comment_status":"","ping_status":"","sticky":false,"template":"","format":"standard","meta":{"footnotes":""},"categories":[3],"tags":[],"class_list":["post-13274","post","type-post","status-publish","format-standard","has-post-thumbnail","hentry","category-noticias"],"_links":{"self":[{"href":"https:\/\/hostnetart.com.br\/baixada\/wp-json\/wp\/v2\/posts\/13274","targetHints":{"allow":["GET"]}}],"collection":[{"href":"https:\/\/hostnetart.com.br\/baixada\/wp-json\/wp\/v2\/posts"}],"about":[{"href":"https:\/\/hostnetart.com.br\/baixada\/wp-json\/wp\/v2\/types\/post"}],"author":[{"embeddable":true,"href":"https:\/\/hostnetart.com.br\/baixada\/wp-json\/wp\/v2\/users\/2"}],"replies":[{"embeddable":true,"href":"https:\/\/hostnetart.com.br\/baixada\/wp-json\/wp\/v2\/comments?post=13274"}],"version-history":[{"count":0,"href":"https:\/\/hostnetart.com.br\/baixada\/wp-json\/wp\/v2\/posts\/13274\/revisions"}],"wp:featuredmedia":[{"embeddable":true,"href":"https:\/\/hostnetart.com.br\/baixada\/wp-json\/wp\/v2\/media\/13273"}],"wp:attachment":[{"href":"https:\/\/hostnetart.com.br\/baixada\/wp-json\/wp\/v2\/media?parent=13274"}],"wp:term":[{"taxonomy":"category","embeddable":true,"href":"https:\/\/hostnetart.com.br\/baixada\/wp-json\/wp\/v2\/categories?post=13274"},{"taxonomy":"post_tag","embeddable":true,"href":"https:\/\/hostnetart.com.br\/baixada\/wp-json\/wp\/v2\/tags?post=13274"}],"curies":[{"name":"wp","href":"https:\/\/api.w.org\/{rel}","templated":true}]}}