{"id":13270,"date":"2022-10-19T03:05:11","date_gmt":"2022-10-19T06:05:11","guid":{"rendered":"https:\/\/hostnetart.com.br\/baixada\/reestruturacao-do-mercado-de-trabalho-impoe-desafios\/"},"modified":"2022-10-19T03:05:11","modified_gmt":"2022-10-19T06:05:11","slug":"reestruturacao-do-mercado-de-trabalho-impoe-desafios","status":"publish","type":"post","link":"https:\/\/hostnetart.com.br\/baixada\/reestruturacao-do-mercado-de-trabalho-impoe-desafios\/","title":{"rendered":"Reestrutura\u00e7\u00e3o do mercado de trabalho imp\u00f5e desafios"},"content":{"rendered":"<p>A crise social enfrentada pelo Brasil, que tem entre suas piores consequ\u00eancias a fome de mais de 33 milh\u00f5es de pessoas, tem sido fortemente afetada pelo\u00a0<a href=\"https:\/\/contrafcut.com.br\/noticias\/falta-de-politica-publica-gera-multidao-de-desempregados\/?swcfpc=1\" target=\"_blank\" rel=\"noopener noreferrer\">crescimento do desemprego e da informalidade na economia<\/a>, como tamb\u00e9m pela\u00a0<a href=\"https:\/\/contrafcut.com.br\/noticias\/queda-da-renda-atinge-maioria-dos-trabalhadores\/?swcfpc=1\" target=\"_blank\" rel=\"noopener noreferrer\">acentuada queda da renda do trabalhador e da qualidade das atividades dispon\u00edveis pelo mercado<\/a>.<\/p>\n<p>Para a revers\u00e3o dessa situa\u00e7\u00e3o, institucionalizada e agravada pela reforma trabalhista, que entrou em vigor em novembro de 2017, o movimento sindical, em especial formado pelas entidades ligadas \u00e0 Central \u00danica dos Trabalhadores (CUT), como a Confedera\u00e7\u00e3o Nacional dos Trabalhadores do Ramo Financeiro (Contraf-CUT), tem apresentado e defendido um conjunto de medidas que devem ser adotadas.<\/p>\n<p>A mais imediata, \u00e9 a retomada do dinamismo da atividade econ\u00f4mica, com papel central do Estado como incentivador e indutor do investimento privado em setores mais complexos da economia. Essa ser\u00e1 a principal respons\u00e1vel pela gera\u00e7\u00e3o de empregos de melhor qualidade e remunera\u00e7\u00e3o.<\/p>\n<p>Ao mesmo tempo, dever\u00e1 ser estabelecida uma renda m\u00ednima que garanta patamar inicial de vida decente para a popula\u00e7\u00e3o. Dessa maneira, o trabalhador ter\u00e1 maior poder de barganha para se inserir em melhores empregos. Ao mesmo tempo, a medida lan\u00e7ar\u00e1 um maior volume de recursos na economia, fator decisivo para o aumento da produ\u00e7\u00e3o de bens e servi\u00e7os.<\/p>\n<h3><strong>Reforma trabalhista<\/strong><\/h3>\n<p>A classe trabalhadora tamb\u00e9m entende como necess\u00e1ria a revoga\u00e7\u00e3o de v\u00e1rios dispositivos da reforma trabalhista que facilitam a precariza\u00e7\u00e3o do trabalho, como o trabalho intermitente, o aut\u00f4nomo exclusivo e itens que enfraquecem a organiza\u00e7\u00e3o coletiva e incentivam a negocia\u00e7\u00e3o individual.<\/p>\n<p>Outro ponto considerado fundamental pelos trabalhadores \u00e9 a efetiva\u00e7\u00e3o de uma reforma sindical que garanta liberdade e autonomia das entidades representativas das categorias profissionais, para que elas tenham capacidade de enfrentar as quest\u00f5es do mercado de trabalho, que se torna mais complexo a cada dia.<\/p>\n<p>Entre outros desafios que precisam ser enfrentados, est\u00e3o a regulamenta\u00e7\u00e3o de novos temas do mercado de trabalho, como o teletrabalho e as atividades por plataforma digitais (como Uber e Ifood). Na pauta tamb\u00e9m dever\u00e1 estar contemplado o debate da distribui\u00e7\u00e3o dos ganhos de produtividade oriundos das inova\u00e7\u00f5es tecnol\u00f3gicas por meio da redu\u00e7\u00e3o da jornada, que inclui a discuss\u00e3o da semana de trabalho de quatro dias, por exemplo.<\/p>\n<p><strong><em>Fonte<\/em><\/strong><em>: Dados sistematizados pela subse\u00e7\u00e3o do Departamento Intersindical de Estat\u00edstica e Estudos Socioecon\u00f4micos na Contraf-CUT<\/em><\/p>\n","protected":false},"excerpt":{"rendered":"<p>A crise social enfrentada pelo Brasil, que tem entre suas piores consequ\u00eancias a fome de mais de 33 milh\u00f5es de pessoas, tem sido fortemente afetada pelo\u00a0crescimento do desemprego e da informalidade na economia, como tamb\u00e9m pela\u00a0acentuada queda da renda do trabalhador e da qualidade das atividades dispon\u00edveis pelo mercado. Para a revers\u00e3o dessa situa\u00e7\u00e3o, institucionalizada [&hellip;]<\/p>\n","protected":false},"author":2,"featured_media":13269,"comment_status":"","ping_status":"","sticky":false,"template":"","format":"standard","meta":{"footnotes":""},"categories":[3],"tags":[],"class_list":["post-13270","post","type-post","status-publish","format-standard","has-post-thumbnail","hentry","category-noticias"],"_links":{"self":[{"href":"https:\/\/hostnetart.com.br\/baixada\/wp-json\/wp\/v2\/posts\/13270","targetHints":{"allow":["GET"]}}],"collection":[{"href":"https:\/\/hostnetart.com.br\/baixada\/wp-json\/wp\/v2\/posts"}],"about":[{"href":"https:\/\/hostnetart.com.br\/baixada\/wp-json\/wp\/v2\/types\/post"}],"author":[{"embeddable":true,"href":"https:\/\/hostnetart.com.br\/baixada\/wp-json\/wp\/v2\/users\/2"}],"replies":[{"embeddable":true,"href":"https:\/\/hostnetart.com.br\/baixada\/wp-json\/wp\/v2\/comments?post=13270"}],"version-history":[{"count":0,"href":"https:\/\/hostnetart.com.br\/baixada\/wp-json\/wp\/v2\/posts\/13270\/revisions"}],"wp:featuredmedia":[{"embeddable":true,"href":"https:\/\/hostnetart.com.br\/baixada\/wp-json\/wp\/v2\/media\/13269"}],"wp:attachment":[{"href":"https:\/\/hostnetart.com.br\/baixada\/wp-json\/wp\/v2\/media?parent=13270"}],"wp:term":[{"taxonomy":"category","embeddable":true,"href":"https:\/\/hostnetart.com.br\/baixada\/wp-json\/wp\/v2\/categories?post=13270"},{"taxonomy":"post_tag","embeddable":true,"href":"https:\/\/hostnetart.com.br\/baixada\/wp-json\/wp\/v2\/tags?post=13270"}],"curies":[{"name":"wp","href":"https:\/\/api.w.org\/{rel}","templated":true}]}}