{"id":1326,"date":"2014-05-29T00:00:00","date_gmt":"2014-05-29T03:00:00","guid":{"rendered":"https:\/\/hostnetart.com.br\/baixada\/protesto-contra-demissoes-do-santander-repercute-no-valor-economico\/"},"modified":"2014-05-29T00:00:00","modified_gmt":"2014-05-29T03:00:00","slug":"protesto-contra-demissoes-do-santander-repercute-no-valor-economico","status":"publish","type":"post","link":"https:\/\/hostnetart.com.br\/baixada\/protesto-contra-demissoes-do-santander-repercute-no-valor-economico\/","title":{"rendered":"Protesto contra demiss\u00f5es do Santander repercute no Valor Econ\u00f4mico"},"content":{"rendered":"<p>O ato nacional contra as demiss\u00f5es do Santander, realizado nesta ter\u00e7a-feira (27) em frente ao pr\u00e9dio da Torre, onde fica a sede do banco no Brasil, em S\u00e3o Paulo, repercutiu na edi\u00e7\u00e3o desta quarta (28) do jornal Valor Econ\u00f4mico.<\/p>\n<p>A reportagem publicada no caderno de Finan\u00e7as destaca a mobiliza\u00e7\u00e3o dos banc\u00e1rios e o corte de empregos, bem como a inten\u00e7\u00e3o do presidente do banco, Jes\u00fas Zabalza, de continuar reduzindo custos e praticando rotatividade sem repor integralmente as vagas.<\/p>\n<p>O texto revela tamb\u00e9m o ajuste de outros bancos privados e do BB, que igualmente v\u00eam eliminando postos de trabalho. Atualmente, por\u00e9m, o campe\u00e3o do corte de empregos \u00e9 o Santander. \u201cO banco n\u00e3o apresenta nenhuma justificativa e n\u00e3o negocia conosco. Nas ag\u00eancias, os funcion\u00e1rios est\u00e3o sobrecarregados\u201d, disse na reportagem o diretor da Contraf-CUT, Ademir Wiederkehr.<\/p>\n<p>\u201cEssa not\u00edcia mostra que precisamos intensificar a luta contra as demiss\u00f5es para for\u00e7ar o banco a parar as dispensas, contratar mais banc\u00e1rios e melhorar as condi\u00e7\u00f5es de trabalho\u201d, salienta o dirigente sindical.<\/p>\n<p>Leia a \u00edntegra da mat\u00e9ria do Valor Econ\u00f4mico:<\/p>\n<p><strong>Sindicato protesta contra demiss\u00e3o no Santander<\/strong><\/p>\n<p><em>Fabiana Lopes<br \/>S\u00e3o Paulo<\/em><\/p>\n<p>A Confedera\u00e7\u00e3o Nacional dos Trabalhadores do Ramo Financeiro da CUT (Contraf-CUT) organizou ontem uma manifesta\u00e7\u00e3o em frente \u00e0 sede do Santander Brasil, em S\u00e3o Paulo, contra demiss\u00f5es feitas pelo banco nos \u00faltimos meses. Os sindicalistas alegam ter reunido 500 pessoas.<\/p>\n<p>Dados do balan\u00e7o do Santander Brasil mostram que o banco fechou 4.833 vagas nos \u00faltimos 12 meses, sendo 970 delas de janeiro a mar\u00e7o deste ano.<\/p>\n<p>De acordo com diretor do Contraf-CUT, Ademir Wiederkehr, o corte de vagas tem prejudicado o servi\u00e7o prestado pela institui\u00e7\u00e3o. \u201cO banco n\u00e3o apresenta nenhuma justificativa e n\u00e3o negocia conosco. Nas ag\u00eancias, os funcion\u00e1rios est\u00e3o sobrecarregados\u201d, disse. Os manifestantes foram recebidos pela diretora de recursos humanos do Santander, Vanessa Lobato, segundo o diretor do sindicato, para quem fizeram suas demandas.<\/p>\n<p>Procurado pela reportagem, o Santander n\u00e3o explicou o motivo do corte no quadro de funcion\u00e1rios. Por meio de uma nota, o banco disse que \u201crespeita a manifesta\u00e7\u00e3o do Sindicato dos Banc\u00e1rios e que possui f\u00f3runs permanentes para a discuss\u00e3o de temas de interesse dos colaboradores\u201d. A institui\u00e7\u00e3o tamb\u00e9m afirmou que \u201ca qualidade de sua estrutura comercial \u00e9 fundamental para atender os clientes e que trabalha para o aperfei\u00e7oamento e capacita\u00e7\u00e3o de suas equipes\u201d.<\/p>\n<p>Na semana passada, durante entrevista ao Valor, Jes\u00fas Maria Zabalza Lotina, presidente do Santander Brasil, disse que o banco n\u00e3o vem tomando a iniciativa de demitir funcion\u00e1rios, mas que tem aproveitando a rotatividade natural dos funcion\u00e1rios para n\u00e3o repor integralmente as vagas.<\/p>\n<p>Segundo Zabalza, essa medida faz parte do esfor\u00e7o do banco de reduzir os custos. \u201cFalamos que vamos ter custos baixos por um ou dois anos e vamos ter.\u201d No primeiro trimestre deste ano, as despesas de pessoal do Santander somaram R$ 1,76 bilh\u00e3o, valor 0,4% maior na compara\u00e7\u00e3o com os tr\u00eas primeiros meses de 2013. A varia\u00e7\u00e3o ficou inferior ao diss\u00eddio dos banc\u00e1rios firmado em outubro do ano passado, de 8%.<\/p>\n<p>Apesar de o Santander ser o banco com maior redu\u00e7\u00e3o de vagas nos \u00faltimos 12 meses, o fechamento de vagas tamb\u00e9m aconteceu nos dois maiores bancos privados do pa\u00eds. Bradesco e Ita\u00fa Unibanco mostraram redu\u00e7\u00e3o de 3.248 e 1.460 postos de trabalho, respectivamente.<\/p>\n<p>Entre os bancos p\u00fablicos, o Banco do Brasil cortou 796 vagas nos \u00faltimos 12 meses, enquanto a Caixa Econ\u00f4mica Federal aumentou o n\u00famero de trabalhadores em 4.893 no per\u00edodo. Com exce\u00e7\u00e3o da Caixa, os gastos com sal\u00e1rios entre os maiores bancos do pa\u00eds tem crescido a um ritmo inferior ao reajuste salarial da categoria.<\/p>\n<p>Desde 2012, os bancos privados t\u00eam reduzido seus quadros de funcion\u00e1rios. De mar\u00e7o de 2012 a mar\u00e7o de 2013, o Ita\u00fa liderava os cortes, com o fechamento de 6.339 postos, seguido pelo Bradesco, que acabou com 2.309 vagas, e, por fim, pelo Santander, que encerrou 1.569 posi\u00e7\u00f5es.<\/p>\n<p>Fonte: Contraf-CUT com Valor Econ\u00f4mico<\/p>\n","protected":false},"excerpt":{"rendered":"<p>O ato nacional contra as demiss\u00f5es do Santander, realizado nesta ter\u00e7a-feira (27) em frente ao pr\u00e9dio da Torre, onde fica a sede do banco no Brasil, em S\u00e3o Paulo, repercutiu na edi\u00e7\u00e3o desta quarta (28) do jornal Valor Econ\u00f4mico. A reportagem publicada no caderno de Finan\u00e7as destaca a mobiliza\u00e7\u00e3o dos banc\u00e1rios e o corte de [&hellip;]<\/p>\n","protected":false},"author":1,"featured_media":0,"comment_status":"","ping_status":"","sticky":false,"template":"","format":"standard","meta":{"footnotes":""},"categories":[3],"tags":[],"class_list":["post-1326","post","type-post","status-publish","format-standard","hentry","category-noticias"],"_links":{"self":[{"href":"https:\/\/hostnetart.com.br\/baixada\/wp-json\/wp\/v2\/posts\/1326","targetHints":{"allow":["GET"]}}],"collection":[{"href":"https:\/\/hostnetart.com.br\/baixada\/wp-json\/wp\/v2\/posts"}],"about":[{"href":"https:\/\/hostnetart.com.br\/baixada\/wp-json\/wp\/v2\/types\/post"}],"author":[{"embeddable":true,"href":"https:\/\/hostnetart.com.br\/baixada\/wp-json\/wp\/v2\/users\/1"}],"replies":[{"embeddable":true,"href":"https:\/\/hostnetart.com.br\/baixada\/wp-json\/wp\/v2\/comments?post=1326"}],"version-history":[{"count":0,"href":"https:\/\/hostnetart.com.br\/baixada\/wp-json\/wp\/v2\/posts\/1326\/revisions"}],"wp:attachment":[{"href":"https:\/\/hostnetart.com.br\/baixada\/wp-json\/wp\/v2\/media?parent=1326"}],"wp:term":[{"taxonomy":"category","embeddable":true,"href":"https:\/\/hostnetart.com.br\/baixada\/wp-json\/wp\/v2\/categories?post=1326"},{"taxonomy":"post_tag","embeddable":true,"href":"https:\/\/hostnetart.com.br\/baixada\/wp-json\/wp\/v2\/tags?post=1326"}],"curies":[{"name":"wp","href":"https:\/\/api.w.org\/{rel}","templated":true}]}}