{"id":13256,"date":"2022-10-17T13:31:44","date_gmt":"2022-10-17T16:31:44","guid":{"rendered":"https:\/\/hostnetart.com.br\/baixada\/falta-de-politica-publica-gera-multidao-de-desempregados\/"},"modified":"2022-10-17T13:31:44","modified_gmt":"2022-10-17T16:31:44","slug":"falta-de-politica-publica-gera-multidao-de-desempregados","status":"publish","type":"post","link":"https:\/\/hostnetart.com.br\/baixada\/falta-de-politica-publica-gera-multidao-de-desempregados\/","title":{"rendered":"Falta de pol\u00edtica p\u00fablica gera multid\u00e3o de desempregados"},"content":{"rendered":"<p>Desde 2014, e de forma mais intensa desde que a reforma trabalhista entrou em vigor, em novembro de 2017, o mercado de trabalho brasileiro vem passando por forte processo de precariza\u00e7\u00e3o, agravado com a pandemia de covid-19.<\/p>\n<p>Dados da Pesquisa Nacional por Amostra de Domic\u00edlios (PNAD) Cont\u00ednua de agosto de 2022 mostram que 9,7 milh\u00f5es de pessoas est\u00e3o desocupadas no Brasil, n\u00famero 54% maior do que ao final de 2013, quando eram 6,3 milh\u00f5es.<\/p>\n<p>As mulheres sofrem mais com o desemprego do que os homens. Em julho, a taxa geral de desocupa\u00e7\u00e3o era de 9,1%. Entre elas, por\u00e9m, chegava a 11,6%. Entre os homens, a 7,5%. O menor patamar da s\u00e9rie hist\u00f3rica foi ao final de 2013, quando era de 7,8% entre as mulheres e 5,1% entre os homens.<\/p>\n<p>O desemprego tamb\u00e9m afeta intensamente a popula\u00e7\u00e3o jovem. Na faixa dos 14 anos aos 17 anos, chega a 33,3%; e dos 18 anos aos 24 anos, a 19,3%. Os menores patamares foram, em 2013, de 18,6% e 12,8%, respectivamente.<\/p>\n<p>O recorte por ra\u00e7a\/cor mostra que a desocupa\u00e7\u00e3o entre pessoas pretas e pardas \u00e9 de 11,3% e 10,8%, respectivamente. Entre brancos \u00e9 de 7,3%. Os menores patamares entre pretos e pardos foi de 8% e 7,2%, entre 2013 e 2014. Entre os brancos o menor patamar, de 5,1%, foi registrado no final de 2013.<\/p>\n<h3><strong>Subutiliza\u00e7\u00e3o<\/strong><\/h3>\n<p>A PNAD tamb\u00e9m mostra a piora na subutiliza\u00e7\u00e3o, levantamento que inclui ainda pessoas que trabalham menos horas do que gostariam; que est\u00e3o dispon\u00edveis, mas desistiram de buscar vaga (desalentadas); e que procuram uma ocupa\u00e7\u00e3o, mas n\u00e3o est\u00e3o dispon\u00edveis no momento (por estarem cuidando de algu\u00e9m na resid\u00eancia, por exemplo).<\/p>\n<p>Os dados apontam que hoje existem 23,9 milh\u00f5es de pessoas subutilizadas, 20,5% da for\u00e7a de trabalho. O menor patamar ocorreu em 2014, quando existiam 9 milh\u00f5es de pessoas subutilizadas (14,8%).<\/p>\n<p>Entre as mulheres a subutiliza\u00e7\u00e3o \u00e9 de 26,6%; entre os homens, de 16,8%. No recorte por idade, chega a 61,4% entre jovens de 14 a 17 anos (em 2013, foi de 42,1%); e a 33,4%, entre os de 18 a 24 anos (em 2013, foi de 22,9%).<\/p>\n<h3><strong>Informalidade<\/strong><\/h3>\n<p>A PNAD tamb\u00e9m aponta redu\u00e7\u00e3o no emprego formal. Desde meados de 2014, quando seu contingente chegou ao maior patamar, houve redu\u00e7\u00e3o de quase 1,6 milh\u00e3o de pessoas ocupadas no setor privado com contrato pela CLT.<\/p>\n<p>Em contrapartida, existem hoje 13,2 milh\u00f5es de pessoas ocupadas sem carteira assinada nesse mesmo segmento, crescimento de quase 2,2 milh\u00f5es em rela\u00e7\u00e3o ao terceiro trimestre de 2017 (logo antes da reforma trabalhista).<\/p>\n<p>Tamb\u00e9m houve grande aumento no n\u00famero daqueles que trabalham por conta pr\u00f3pria, que hoje s\u00e3o 25,9 milh\u00f5es de pessoas. S\u00e3o 3,3 milh\u00f5es a mais do que existiam quando a reforma trabalhista entrou em vigor.<\/p>\n<p><strong><em>Fonte<\/em><\/strong><em>: Dados sistematizados pela subse\u00e7\u00e3o do Departamento Intersindical de Estat\u00edstica e Estudos Socioecon\u00f4micos na Contraf-CUT.<\/em><\/p>\n","protected":false},"excerpt":{"rendered":"<p>Desde 2014, e de forma mais intensa desde que a reforma trabalhista entrou em vigor, em novembro de 2017, o mercado de trabalho brasileiro vem passando por forte processo de precariza\u00e7\u00e3o, agravado com a pandemia de covid-19. Dados da Pesquisa Nacional por Amostra de Domic\u00edlios (PNAD) Cont\u00ednua de agosto de 2022 mostram que 9,7 milh\u00f5es [&hellip;]<\/p>\n","protected":false},"author":2,"featured_media":13255,"comment_status":"","ping_status":"","sticky":false,"template":"","format":"standard","meta":{"footnotes":""},"categories":[3],"tags":[],"class_list":["post-13256","post","type-post","status-publish","format-standard","has-post-thumbnail","hentry","category-noticias"],"_links":{"self":[{"href":"https:\/\/hostnetart.com.br\/baixada\/wp-json\/wp\/v2\/posts\/13256","targetHints":{"allow":["GET"]}}],"collection":[{"href":"https:\/\/hostnetart.com.br\/baixada\/wp-json\/wp\/v2\/posts"}],"about":[{"href":"https:\/\/hostnetart.com.br\/baixada\/wp-json\/wp\/v2\/types\/post"}],"author":[{"embeddable":true,"href":"https:\/\/hostnetart.com.br\/baixada\/wp-json\/wp\/v2\/users\/2"}],"replies":[{"embeddable":true,"href":"https:\/\/hostnetart.com.br\/baixada\/wp-json\/wp\/v2\/comments?post=13256"}],"version-history":[{"count":0,"href":"https:\/\/hostnetart.com.br\/baixada\/wp-json\/wp\/v2\/posts\/13256\/revisions"}],"wp:featuredmedia":[{"embeddable":true,"href":"https:\/\/hostnetart.com.br\/baixada\/wp-json\/wp\/v2\/media\/13255"}],"wp:attachment":[{"href":"https:\/\/hostnetart.com.br\/baixada\/wp-json\/wp\/v2\/media?parent=13256"}],"wp:term":[{"taxonomy":"category","embeddable":true,"href":"https:\/\/hostnetart.com.br\/baixada\/wp-json\/wp\/v2\/categories?post=13256"},{"taxonomy":"post_tag","embeddable":true,"href":"https:\/\/hostnetart.com.br\/baixada\/wp-json\/wp\/v2\/tags?post=13256"}],"curies":[{"name":"wp","href":"https:\/\/api.w.org\/{rel}","templated":true}]}}