{"id":13250,"date":"2022-10-13T13:46:23","date_gmt":"2022-10-13T16:46:23","guid":{"rendered":"https:\/\/hostnetart.com.br\/baixada\/financiarios-assinam-cct-com-a-fenacrefi-2\/"},"modified":"2022-10-13T13:46:23","modified_gmt":"2022-10-13T16:46:23","slug":"financiarios-assinam-cct-com-a-fenacrefi-2","status":"publish","type":"post","link":"https:\/\/hostnetart.com.br\/baixada\/financiarios-assinam-cct-com-a-fenacrefi-2\/","title":{"rendered":"Financi\u00e1rios assinam CCT com a Fenacrefi"},"content":{"rendered":"<p>\u00a0<\/p>\n<h5>Fruto de duras negocia\u00e7\u00f5es que duraram tr\u00eas meses, a nova Conven\u00e7\u00e3o Coletiva de Trabalho (CCT) dos financi\u00e1rios foi assinada nesta ter\u00e7a-feira (11), em S\u00e3o Paulo. A CCT, que foi aprovada na noite de segunda-feira (10) por 80,81% dos trabalhadores que participaram em assembleias realizadas por sindicatos da categoria de todo o pa\u00eds, ter\u00e1 vig\u00eancia at\u00e9 31 de maio de 2024.<\/p>\n<p>Para 2022, foi conquistado um reajuste de 9% nos sal\u00e1rios e nas cl\u00e1usulas econ\u00f4micas e reajuste de 12% nos vales alimenta\u00e7\u00e3o e refei\u00e7\u00e3o, al\u00e9m de reajuste de 11,9% nos valores fixos, teto e parcela adicional da Participa\u00e7\u00e3o nos Lucros e Resultados (PLR) e Vale Abono de R$ 800,00.<\/p>\n<p>Para 2023, a proposta de reajuste pelo \u00cdndice Nacional de Pre\u00e7os ao Consumidor (INPC) + 0,3% de aumento real, exceto para PLR que ser\u00e1 reajustada somente pelo INPC do per\u00edodo. A manuten\u00e7\u00e3o das cl\u00e1usulas sociais \u00e9 v\u00e1lida para os dois anos.<\/p>\n<p>\u201cFoi uma campanha dif\u00edcil, com uma conjuntura desfavor\u00e1vel, na qual conseguimos manter todas as cl\u00e1usulas da CCT e ainda e aumento real para 2023. Al\u00e9m disso, vamos estabelecer mesas tem\u00e1ticas para debater pontos importantes na conven\u00e7\u00e3o das financeiras, como PLR, teletrabalho e outras demandas importantes da categoria\u201d, afirmou o dirigente sindical e coordenador do Coletivo dos Financi\u00e1rios da Confedera\u00e7\u00e3o Nacional dos Trabalhadores do Ramo Financeiro (Contraf-CUT), Jair Alves.<\/p>\n<p>\u201cO desafio de organizar a categoria dos financi\u00e1rios \u00e9 grande e ao mesmo tempo motivador para buscarmos sempre os melhores acordos. Mesmo demorando, persistimos em chegar \u00e0 melhor proposta, com avan\u00e7os. Os trabalhadores das bases sindicais abrangidas pela CCT precisam fazer um chamamento aos seus colegas de outros estados a buscarem a representa\u00e7\u00e3o sindical para unirmos for\u00e7as e continuar conquistando mais\u201d, avaliou Gustavo Tabatinga Jr., secret\u00e1rio-geral da Contraf-CUT.<\/h5>\n<p>Fonte: Contraf-CUT<\/p>\n","protected":false},"excerpt":{"rendered":"<p>\u00a0 Fruto de duras negocia\u00e7\u00f5es que duraram tr\u00eas meses, a nova Conven\u00e7\u00e3o Coletiva de Trabalho (CCT) dos financi\u00e1rios foi assinada nesta ter\u00e7a-feira (11), em S\u00e3o Paulo. A CCT, que foi aprovada na noite de segunda-feira (10) por 80,81% dos trabalhadores que participaram em assembleias realizadas por sindicatos da categoria de todo o pa\u00eds, ter\u00e1 vig\u00eancia [&hellip;]<\/p>\n","protected":false},"author":2,"featured_media":13249,"comment_status":"","ping_status":"","sticky":false,"template":"","format":"standard","meta":{"footnotes":""},"categories":[3],"tags":[],"class_list":["post-13250","post","type-post","status-publish","format-standard","has-post-thumbnail","hentry","category-noticias"],"_links":{"self":[{"href":"https:\/\/hostnetart.com.br\/baixada\/wp-json\/wp\/v2\/posts\/13250","targetHints":{"allow":["GET"]}}],"collection":[{"href":"https:\/\/hostnetart.com.br\/baixada\/wp-json\/wp\/v2\/posts"}],"about":[{"href":"https:\/\/hostnetart.com.br\/baixada\/wp-json\/wp\/v2\/types\/post"}],"author":[{"embeddable":true,"href":"https:\/\/hostnetart.com.br\/baixada\/wp-json\/wp\/v2\/users\/2"}],"replies":[{"embeddable":true,"href":"https:\/\/hostnetart.com.br\/baixada\/wp-json\/wp\/v2\/comments?post=13250"}],"version-history":[{"count":0,"href":"https:\/\/hostnetart.com.br\/baixada\/wp-json\/wp\/v2\/posts\/13250\/revisions"}],"wp:featuredmedia":[{"embeddable":true,"href":"https:\/\/hostnetart.com.br\/baixada\/wp-json\/wp\/v2\/media\/13249"}],"wp:attachment":[{"href":"https:\/\/hostnetart.com.br\/baixada\/wp-json\/wp\/v2\/media?parent=13250"}],"wp:term":[{"taxonomy":"category","embeddable":true,"href":"https:\/\/hostnetart.com.br\/baixada\/wp-json\/wp\/v2\/categories?post=13250"},{"taxonomy":"post_tag","embeddable":true,"href":"https:\/\/hostnetart.com.br\/baixada\/wp-json\/wp\/v2\/tags?post=13250"}],"curies":[{"name":"wp","href":"https:\/\/api.w.org\/{rel}","templated":true}]}}