{"id":13248,"date":"2022-10-11T23:17:33","date_gmt":"2022-10-12T02:17:33","guid":{"rendered":"https:\/\/hostnetart.com.br\/baixada\/em-assembleia-funcionarios-do-santander-repudiam-terceirizacao\/"},"modified":"2022-10-11T23:17:33","modified_gmt":"2022-10-12T02:17:33","slug":"em-assembleia-funcionarios-do-santander-repudiam-terceirizacao","status":"publish","type":"post","link":"https:\/\/hostnetart.com.br\/baixada\/em-assembleia-funcionarios-do-santander-repudiam-terceirizacao\/","title":{"rendered":"Em assembleia, funcion\u00e1rios do Santander repudiam terceiriza\u00e7\u00e3o"},"content":{"rendered":"<p>98,31% dos funcion\u00e1rios e funcion\u00e1rias do Banco Santander reprovam a terceiriza\u00e7\u00e3o em curso no Santander.<\/p>\n<p>Esse foi o resultado das assembleias que ocorreram nesta ter\u00e7a-feira, 11 de outubro, realizadas por Sindicatos dos Banc\u00e1rios de todo o pa\u00eds.<\/p>\n<p>\u201cEsta participa\u00e7\u00e3o dos trabalhadores deixa claro que n\u00e3o querem deixar de ser banc\u00e1rios, porque reconhecem as conquistas da categoria\u201d, explica a coordenadora da Comiss\u00e3o de Organiza\u00e7\u00e3o dos Empregados (COE) do Santander, Lucimara Malaquias. Ela lembra que, nos \u00faltimos dois anos, cerca de 9 mil trabalhadores deixaram de ser banc\u00e1rios dentro do Grupo Santander do Brasil.<\/p>\n<p>Com essa manobra do banco privado, os funcion\u00e1rios que s\u00e3o realocados nas empresas terceirizadas deixam de ter os benef\u00edcios conquistados na Conven\u00e7\u00e3o Coletiva de Trabalho (CCT) da categoria banc\u00e1ria, como jornada de seis horas, a Participa\u00e7\u00e3o nos Lucros e Resultados (PLR), como definida na CCT, al\u00e9m de redu\u00e7\u00e3o no aux\u00edlio-creche\/bab\u00e1.<\/p>\n<p>O Santander criou seis empresas que atingem as \u00e1reas de tecnologia e investimentos, c\u00e2mbio e de manufatura.<\/p>\n<p>\u201cO banco realizou transfer\u00eancias for\u00e7adas de trabalhadores para novos CNPJ e para outra categoria, o que abre portas para retirar direitos e impor perdas\u201d, pontua Lucimara.\u00a0<\/p>\n<h3>Organiza\u00e7\u00e3o\u00a0\u00a0<\/h3>\n<p>Na assembleia, os banc\u00e1rios tamb\u00e9m foram perguntados se preferem que sua representa\u00e7\u00e3o sindical continue sendo por meio de sindicatos dos banc\u00e1rios: 97,58% reafirmaram que sim.<\/p>\n<p>Al\u00e9m da consulta realizada nesta ter\u00e7a, os banc\u00e1rios realizaram protestos em diversas ag\u00eancias e unidades administrativas do Santander, na sexta (7), contra a terceiriza\u00e7\u00e3o.<\/p>\n<p><em>*Com informa\u00e7\u00f5es da Contraf-CUT<\/em><\/p>\n","protected":false},"excerpt":{"rendered":"<p>98,31% dos funcion\u00e1rios e funcion\u00e1rias do Banco Santander reprovam a terceiriza\u00e7\u00e3o em curso no Santander. Esse foi o resultado das assembleias que ocorreram nesta ter\u00e7a-feira, 11 de outubro, realizadas por Sindicatos dos Banc\u00e1rios de todo o pa\u00eds. \u201cEsta participa\u00e7\u00e3o dos trabalhadores deixa claro que n\u00e3o querem deixar de ser banc\u00e1rios, porque reconhecem as conquistas da [&hellip;]<\/p>\n","protected":false},"author":2,"featured_media":13247,"comment_status":"","ping_status":"","sticky":false,"template":"","format":"standard","meta":{"footnotes":""},"categories":[3],"tags":[],"class_list":["post-13248","post","type-post","status-publish","format-standard","has-post-thumbnail","hentry","category-noticias"],"_links":{"self":[{"href":"https:\/\/hostnetart.com.br\/baixada\/wp-json\/wp\/v2\/posts\/13248","targetHints":{"allow":["GET"]}}],"collection":[{"href":"https:\/\/hostnetart.com.br\/baixada\/wp-json\/wp\/v2\/posts"}],"about":[{"href":"https:\/\/hostnetart.com.br\/baixada\/wp-json\/wp\/v2\/types\/post"}],"author":[{"embeddable":true,"href":"https:\/\/hostnetart.com.br\/baixada\/wp-json\/wp\/v2\/users\/2"}],"replies":[{"embeddable":true,"href":"https:\/\/hostnetart.com.br\/baixada\/wp-json\/wp\/v2\/comments?post=13248"}],"version-history":[{"count":0,"href":"https:\/\/hostnetart.com.br\/baixada\/wp-json\/wp\/v2\/posts\/13248\/revisions"}],"wp:featuredmedia":[{"embeddable":true,"href":"https:\/\/hostnetart.com.br\/baixada\/wp-json\/wp\/v2\/media\/13247"}],"wp:attachment":[{"href":"https:\/\/hostnetart.com.br\/baixada\/wp-json\/wp\/v2\/media?parent=13248"}],"wp:term":[{"taxonomy":"category","embeddable":true,"href":"https:\/\/hostnetart.com.br\/baixada\/wp-json\/wp\/v2\/categories?post=13248"},{"taxonomy":"post_tag","embeddable":true,"href":"https:\/\/hostnetart.com.br\/baixada\/wp-json\/wp\/v2\/tags?post=13248"}],"curies":[{"name":"wp","href":"https:\/\/api.w.org\/{rel}","templated":true}]}}