{"id":13246,"date":"2022-10-11T03:30:01","date_gmt":"2022-10-11T06:30:01","guid":{"rendered":"https:\/\/hostnetart.com.br\/baixada\/resolucao-15-da-previc-nao-ameaca-fundos-de-pensao-o-que-ameaca-e-a-privatizacao\/"},"modified":"2022-10-11T03:30:01","modified_gmt":"2022-10-11T06:30:01","slug":"resolucao-15-da-previc-nao-ameaca-fundos-de-pensao-o-que-ameaca-e-a-privatizacao","status":"publish","type":"post","link":"https:\/\/hostnetart.com.br\/baixada\/resolucao-15-da-previc-nao-ameaca-fundos-de-pensao-o-que-ameaca-e-a-privatizacao\/","title":{"rendered":"Resolu\u00e7\u00e3o 15 da Previc n\u00e3o amea\u00e7a fundos de pens\u00e3o, o que amea\u00e7a \u00e9 a privatiza\u00e7\u00e3o"},"content":{"rendered":"<p>Trabalhadores associados a fundos de pens\u00e3o de diversas empresas p\u00fablicas, como do Banco do Brasil, da Caixa, BNB e Petrobras, voltaram a manifestar preocupa\u00e7\u00e3o com a possibilidade de desmonte dos planos de previd\u00eancia complementar, ap\u00f3s a Superintend\u00eancia Nacional de Previd\u00eancia Complementar (Previc) publicar a Resolu\u00e7\u00e3o 15, que normatiza a resolu\u00e7\u00e3o 53, do Conselho Nacional de Previd\u00eancia Complementar (CNPC), que trata da retirada de patroc\u00ednio das empresas aos planos de previd\u00eancia.<\/p>\n<p>\u201cPrecisamos esclarecer que a Resolu\u00e7\u00e3o 15 apenas estabelece os procedimentos para a retirada de patroc\u00ednio dos fundos de pens\u00e3o. Ela, combinada com a Resolu\u00e7\u00e3o CNPC 53, garante alguns fatores de prote\u00e7\u00e3o aos participantes do fundo que sofre a retirada, com defini\u00e7\u00e3o clara de crit\u00e9rios e premissas\u201d, explicou o presidente da Associa\u00e7\u00e3o Nacional de Participantes de Fundos de Pens\u00e3o e de Autogest\u00e3o em Sa\u00fade (Anapar), Marcel Barros.<\/p>\n<p>A retirada de patroc\u00ednio dos fundos de pens\u00e3o est\u00e1 contida na Lei Complementar 109\/2001, em seu artigo 25. \u201cEsse \u00e9 o texto que permite que o patrocinador de fundos de pens\u00e3o fechados, sem necessidade de apresentar raz\u00e3o justa, retire o patroc\u00ednio e quebre um contrato que foi assinado quando o trabalhador entrou na empresa\u201d, completou Marcel.<\/p>\n<p>\u201cPortanto, n\u00e3o \u00e9 com a Resolu\u00e7\u00e3o 15 que temos que nos preocupar, mas sim com o risco de privatiza\u00e7\u00e3o das empresas p\u00fablicas. A venda dessas estatais, que s\u00e3o patrocinadoras dos fundos de pens\u00e3o, \u00e9 que gera o risco de desmonte da previd\u00eancia complementar dos funcion\u00e1rios p\u00fablicos\u201d, explicou.<\/p>\n<h3><strong>Escalada de ataques<\/strong><\/h3>\n<p>De 2018 a 2022, a Previc aprovou 433 retiradas de patroc\u00ednio de planos de previd\u00eancia complementar e, ao mesmo tempo, aprovou a cria\u00e7\u00e3o de 104 novos planos.\u00a0<a href=\"https:\/\/recontaai.com.br\/fundos-de-pensao-retiradas-de-patrocinio-mostram-face-cruel-do-mercado-de-trabalho-no-brasil\">O levantamento \u00e9 do especialista em previd\u00eancia e ex-diretor do Sindicato dos Banc\u00e1rios de S\u00e3o Paulo, Jos\u00e9 Ricardo Sasseron<\/a>, com base nos relat\u00f3rios anuais de atividades da Previc, dispon\u00edveis no site da autarquia.<\/p>\n<p>\u201cA retirada de patroc\u00ednio de planos de previd\u00eancia \u00e9 mais um componente dos retrocessos sociais a que a maioria da popula\u00e7\u00e3o brasileira foi submetida nos \u00faltimos anos. Para a previd\u00eancia complementar voltar a crescer, \u00e9 preciso interromper este processo destrutivo\u201d, avaliou.<\/p>\n<p>A conselheira fiscal suplente eleita da Funda\u00e7\u00e3o dos Economi\u00e1rios Federais (Funcef), entidade de previd\u00eancia complementar dos empregados da Caixa, Tamara Siqueira, alertou tamb\u00e9m que a privatiza\u00e7\u00e3o traz s\u00e9rias amea\u00e7a \u00e0 continuidade dos fundos fechados, \u201cafinal, o governo estaria vendendo as patrocinadoras dos fundos\u201d.<\/p>\n<p>J\u00e1 Luciana Bagno, conselheira deliberativa eleita da Previ, lembrou que, em 2019, entidades do mercado e o Minist\u00e9rio da Economia criaram o IMK, grupo que tem pressionado as entidades de regula\u00e7\u00e3o para revisar as Leis Complementares 108 e 109\/2001, \u201ctanto para facilitar ainda mais a retirada de patroc\u00ednio dos planos fechados, quanto para transferir os recursos dos fundos dos trabalhadores para os bancos e seguradoras\u201d.<\/p>\n<h3><strong>Unidade<\/strong><\/h3>\n<p>O coordenador da Comiss\u00e3o de Empresa dos Funcion\u00e1rios do Banco do Brasil, Jo\u00e3o Fukunaga, destacou que \u201co movimento sindical, os dirigentes eleitos dos fundos de pens\u00e3o, assim como a Anapar, est\u00e3o acompanhando de perto o debate em torno da retirada de patroc\u00ednio\u201d e de amea\u00e7a de privatiza\u00e7\u00f5es. \u201cN\u00e3o aceitamos nenhum direito a menos\u201d, disse.<\/p>\n<p>Tamara Siqueira pontuou tamb\u00e9m que a uni\u00e3o em defesa das empresas estatais \u00e9 cada vez mais necess\u00e1ria para fazer frente \u00e0s crescentes amea\u00e7as. \u201cO que vem sendo implementado no sentido de promover desmontes dos bancos p\u00fablicos e demais empresas p\u00fablicas, os ataques aos direitos dos trabalhadores e a extin\u00e7\u00e3o de pol\u00edticas sociais, devem estar em nossas mentes na hora de irmos \u00e0s urnas, no segundo turno das elei\u00e7\u00f5es para presidente e governadores\u201d, arrematou.<\/p>\n<p><strong>Fonte: Contraf-CUT<\/strong><\/p>\n","protected":false},"excerpt":{"rendered":"<p>Trabalhadores associados a fundos de pens\u00e3o de diversas empresas p\u00fablicas, como do Banco do Brasil, da Caixa, BNB e Petrobras, voltaram a manifestar preocupa\u00e7\u00e3o com a possibilidade de desmonte dos planos de previd\u00eancia complementar, ap\u00f3s a Superintend\u00eancia Nacional de Previd\u00eancia Complementar (Previc) publicar a Resolu\u00e7\u00e3o 15, que normatiza a resolu\u00e7\u00e3o 53, do Conselho Nacional de [&hellip;]<\/p>\n","protected":false},"author":2,"featured_media":13245,"comment_status":"","ping_status":"","sticky":false,"template":"","format":"standard","meta":{"footnotes":""},"categories":[3],"tags":[],"class_list":["post-13246","post","type-post","status-publish","format-standard","has-post-thumbnail","hentry","category-noticias"],"_links":{"self":[{"href":"https:\/\/hostnetart.com.br\/baixada\/wp-json\/wp\/v2\/posts\/13246","targetHints":{"allow":["GET"]}}],"collection":[{"href":"https:\/\/hostnetart.com.br\/baixada\/wp-json\/wp\/v2\/posts"}],"about":[{"href":"https:\/\/hostnetart.com.br\/baixada\/wp-json\/wp\/v2\/types\/post"}],"author":[{"embeddable":true,"href":"https:\/\/hostnetart.com.br\/baixada\/wp-json\/wp\/v2\/users\/2"}],"replies":[{"embeddable":true,"href":"https:\/\/hostnetart.com.br\/baixada\/wp-json\/wp\/v2\/comments?post=13246"}],"version-history":[{"count":0,"href":"https:\/\/hostnetart.com.br\/baixada\/wp-json\/wp\/v2\/posts\/13246\/revisions"}],"wp:featuredmedia":[{"embeddable":true,"href":"https:\/\/hostnetart.com.br\/baixada\/wp-json\/wp\/v2\/media\/13245"}],"wp:attachment":[{"href":"https:\/\/hostnetart.com.br\/baixada\/wp-json\/wp\/v2\/media?parent=13246"}],"wp:term":[{"taxonomy":"category","embeddable":true,"href":"https:\/\/hostnetart.com.br\/baixada\/wp-json\/wp\/v2\/categories?post=13246"},{"taxonomy":"post_tag","embeddable":true,"href":"https:\/\/hostnetart.com.br\/baixada\/wp-json\/wp\/v2\/tags?post=13246"}],"curies":[{"name":"wp","href":"https:\/\/api.w.org\/{rel}","templated":true}]}}