{"id":13244,"date":"2022-10-11T03:26:31","date_gmt":"2022-10-11T06:26:31","guid":{"rendered":"https:\/\/hostnetart.com.br\/baixada\/fome-cresceu-73-em-dois-anos-no-brasil\/"},"modified":"2022-10-11T03:26:31","modified_gmt":"2022-10-11T06:26:31","slug":"fome-cresceu-73-em-dois-anos-no-brasil","status":"publish","type":"post","link":"https:\/\/hostnetart.com.br\/baixada\/fome-cresceu-73-em-dois-anos-no-brasil\/","title":{"rendered":"Fome cresceu 73% em dois anos no Brasil"},"content":{"rendered":"<p>Nos \u00faltimos tempos, a sociedade brasileira tem tido grande dificuldade para garantir comida na mesa de suas fam\u00edlias. Neste ano de 2022, a\u00a0<a href=\"https:\/\/olheparaafome.com.br\/\" target=\"_blank\" rel=\"noopener noreferrer\">pesquisa Olhe para a Fome<\/a>\u00a0contou 33,1 milh\u00f5es, ou 15,5%, de toda a popula\u00e7\u00e3o, vivendo com a ang\u00fastia de ter o prato vazio, dia ap\u00f3s dia. Em 2020, eram 19,1 milh\u00f5es nessa triste situa\u00e7\u00e3o: a velocidade com que esse n\u00famero cresce no pa\u00eds, um aumento de 73,3% em dois anos, tem chamado a aten\u00e7\u00e3o do mundo.<\/p>\n<p>A Rede Brasileira de Pesquisa em Soberania e Seguran\u00e7a Alimentar (<a href=\"https:\/\/pesquisassan.net.br\/\" target=\"_blank\" rel=\"noopener noreferrer\">Rede Penssan<\/a>), respons\u00e1vel pelo levantamento, afirma ainda que \u201ca continuidade do desmonte de pol\u00edticas p\u00fablicas, a piora na crise econ\u00f4mica, o aumento das desigualdades sociais e o segundo ano da pandemia da Covid-19 mantiveram mais da metade (58,7%) da popula\u00e7\u00e3o brasileira em inseguran\u00e7a alimentar, nos mais variados n\u00edveis de gravidade\u201d. Inseguran\u00e7a alimentar \u00e9 a condi\u00e7\u00e3o em que a pessoa n\u00e3o tem acesso pleno e permanente a alimentos, em que a fome \u00e9 a forma mais grave.<\/p>\n<h3><strong>Faces mais cru\u00e9is<\/strong><\/h3>\n<p>O exame detalhado do estudo revela dados ainda mais cru\u00e9is desse diagn\u00f3stico social. Enquanto no Brasil, como um todo, s\u00e3o 30,7% das pessoas em situa\u00e7\u00e3o de inseguran\u00e7a alimentar moderada ou grave, esse \u00edndice salta nas regi\u00f5es Norte (45,2%) e no Nordeste (38,4%), na popula\u00e7\u00e3o negra (65%) e nos lares comandados por mulheres (64,1%), bem como naqueles localizados em zonas rurais (60%). Num pa\u00eds com esse desequil\u00edbrio, em 21,8% das casas de pequenos agricultores, que s\u00e3o exatamente produtores de comida, a fome est\u00e1 presente.<\/p>\n<p>A inseguran\u00e7a alimentar tamb\u00e9m est\u00e1 relacionada diretamente ao tempo de educa\u00e7\u00e3o formal: a fome existe em 22,3% das fam\u00edlias cujos respons\u00e1veis puderam estudar no m\u00e1ximo por quatro anos. No sentido contr\u00e1rio, 54,6% dos domic\u00edlios em que n\u00e3o falta comida, os ou as chefes da fam\u00edlia tiveram a chance de frequentar a escola por oito anos ou mais.<\/p>\n<h3><strong>Sal\u00e1rio m\u00ednimo<\/strong><\/h3>\n<p>Em 91% dos lares com inseguran\u00e7a alimentar (43% dos quais com a presen\u00e7a da fome), a renda por pessoa n\u00e3o alcan\u00e7a 25% do sal\u00e1rio m\u00ednimo. Por outro lado, em 67% das casas em que a renda atinge um sal\u00e1rio m\u00ednimo, a fam\u00edlia consegue pleno acesso a alimentos \u2013 ou seja, h\u00e1 situa\u00e7\u00e3o de seguran\u00e7a alimentar.<\/p>\n<p>A pesquisa Olhe para a Fome identificou que o reajuste do sal\u00e1rio m\u00ednimo abaixo da infla\u00e7\u00e3o, como tem ocorrido v\u00e1rias vezes desde 2017, tem aprofundado a mis\u00e9ria no Brasil: se em 2020 n\u00e3o havia fome em domic\u00edlios com renda\u00a0<em>per capita<\/em>\u00a0de pelo menos um sal\u00e1rio, nessa faixa de renda j\u00e1 s\u00e3o 3% os que convivem com a fome e outros 6% que tiveram que reduzir o acesso aos alimentos.<\/p>\n<p><strong>Fonte: Contraf-CUT<\/strong><\/p>\n","protected":false},"excerpt":{"rendered":"<p>Nos \u00faltimos tempos, a sociedade brasileira tem tido grande dificuldade para garantir comida na mesa de suas fam\u00edlias. Neste ano de 2022, a\u00a0pesquisa Olhe para a Fome\u00a0contou 33,1 milh\u00f5es, ou 15,5%, de toda a popula\u00e7\u00e3o, vivendo com a ang\u00fastia de ter o prato vazio, dia ap\u00f3s dia. Em 2020, eram 19,1 milh\u00f5es nessa triste situa\u00e7\u00e3o: [&hellip;]<\/p>\n","protected":false},"author":2,"featured_media":13243,"comment_status":"","ping_status":"","sticky":false,"template":"","format":"standard","meta":{"footnotes":""},"categories":[3],"tags":[],"class_list":["post-13244","post","type-post","status-publish","format-standard","has-post-thumbnail","hentry","category-noticias"],"_links":{"self":[{"href":"https:\/\/hostnetart.com.br\/baixada\/wp-json\/wp\/v2\/posts\/13244","targetHints":{"allow":["GET"]}}],"collection":[{"href":"https:\/\/hostnetart.com.br\/baixada\/wp-json\/wp\/v2\/posts"}],"about":[{"href":"https:\/\/hostnetart.com.br\/baixada\/wp-json\/wp\/v2\/types\/post"}],"author":[{"embeddable":true,"href":"https:\/\/hostnetart.com.br\/baixada\/wp-json\/wp\/v2\/users\/2"}],"replies":[{"embeddable":true,"href":"https:\/\/hostnetart.com.br\/baixada\/wp-json\/wp\/v2\/comments?post=13244"}],"version-history":[{"count":0,"href":"https:\/\/hostnetart.com.br\/baixada\/wp-json\/wp\/v2\/posts\/13244\/revisions"}],"wp:featuredmedia":[{"embeddable":true,"href":"https:\/\/hostnetart.com.br\/baixada\/wp-json\/wp\/v2\/media\/13243"}],"wp:attachment":[{"href":"https:\/\/hostnetart.com.br\/baixada\/wp-json\/wp\/v2\/media?parent=13244"}],"wp:term":[{"taxonomy":"category","embeddable":true,"href":"https:\/\/hostnetart.com.br\/baixada\/wp-json\/wp\/v2\/categories?post=13244"},{"taxonomy":"post_tag","embeddable":true,"href":"https:\/\/hostnetart.com.br\/baixada\/wp-json\/wp\/v2\/tags?post=13244"}],"curies":[{"name":"wp","href":"https:\/\/api.w.org\/{rel}","templated":true}]}}