{"id":13240,"date":"2022-10-10T17:21:40","date_gmt":"2022-10-10T20:21:40","guid":{"rendered":"https:\/\/hostnetart.com.br\/baixada\/empregados-cobraram-esclarecimentos-sobre-uso-da-caixa-para-evento-religioso\/"},"modified":"2022-10-10T17:21:40","modified_gmt":"2022-10-10T20:21:40","slug":"empregados-cobraram-esclarecimentos-sobre-uso-da-caixa-para-evento-religioso","status":"publish","type":"post","link":"https:\/\/hostnetart.com.br\/baixada\/empregados-cobraram-esclarecimentos-sobre-uso-da-caixa-para-evento-religioso\/","title":{"rendered":"Empregados cobraram esclarecimentos sobre uso da Caixa para evento religioso"},"content":{"rendered":"<p>A Comiss\u00e3o Executiva dos Empregados (CEE) Caixa Econ\u00f4mica Federal cobrou esclarecimentos da dire\u00e7\u00e3o do banco, nesta sexta-feira (7), ap\u00f3s tomar conhecimento das den\u00fancias sobre um convite para um culto em A\u00e7\u00e3o de Gra\u00e7as que foi distribu\u00eddo fisicamente por gestores aos empregados, em hor\u00e1rio de trabalho, em ag\u00eancias. O convite tamb\u00e9m de grupos de WhatsApp. O caso foi denunciado ao Minist\u00e9rio P\u00fablico do Trabalho no Acre e ao Minist\u00e9rio P\u00fablico Federal.<\/p>\n<p>\u201c\u00c9 muito preocupante o momento que vive a Caixa. Den\u00fancias de ass\u00e9dio moral e sexual contra seu ex-presidente, o uso pol\u00edtico do banco para beneficiar a campanha do atual presidente e agora convite para evento religioso usando a marca da empresa e constrangendo empregados. A Caixa precisa esclarecer para a sociedade qual a finalidade desse evento e porqu\u00ea a estrutura foi usada\u201d, ressaltou o coordenador da CEE e diretor de Administra\u00e7\u00e3o e Finan\u00e7as da Federa\u00e7\u00e3o Nacional das Associa\u00e7\u00f5es do Pessoal da Caixa Econ\u00f4mica Federal (Fenae), Clot\u00e1rio Cardoso.<\/p>\n<p>No documento, a CEE\/Caixa ressalta que \u201co car\u00e1ter laico do Estado est\u00e1 consagrado na nossa Constitui\u00e7\u00e3o\u2026. Tal medida gera constrangimentos entre os empregados que n\u00e3o comungam da mesma cren\u00e7a. O epis\u00f3dio do Acre pode caracterizar mais uma forma de assediar os trabalhadores\u201d.<\/p>\n<p>O funcion\u00e1rio que fez a den\u00fancia ao MPT, que prefere n\u00e3o se identificar temendo repres\u00e1lias, revelou que a preocupa\u00e7\u00e3o com o constrangimento procede. Isto porque alguns convites foram entregues em ag\u00eancias da capital acreana por uma gerente de varejo e o superintendente executivo de governo.<\/p>\n<p>\u201cAs fun\u00e7\u00f5es na Caixa s\u00e3o por indica\u00e7\u00e3o de gestores sempre, pelo menos aqui no meu estado. Esse bom relacionamento \u00e9 considerado importante\u201d, refor\u00e7ou.<\/p>\n<p>Para o presidente da Fenae, Sergio Takemoto, a dire\u00e7\u00e3o da Caixa n\u00e3o pode se calar diante de mais essa den\u00fancia. \u201cIsto caracteriza mais uma forma de ass\u00e9dio e uso pol\u00edtico que precisa ser apurado. N\u00e3o podemos aceitar que uma empresa p\u00fablica use a quest\u00e3o religiosa para atender seus interesses de gest\u00e3o\u201d, disse Takemoto.<\/p>\n<p>A conselheira eleita representante dos empregados no Conselho de Administra\u00e7\u00e3o, Rita Serrano, tamb\u00e9m vai questionar a dire\u00e7\u00e3o do banco. \u201cUsar a logo e as redes internas do banco ferem as normas de conduta e de \u00e9tica. N\u00e3o bastava o ass\u00e9dio moral e sexual, agora tem o religioso\u201d.<\/p>\n<p>Rita Serrano manifestou a preocupa\u00e7\u00e3o tamb\u00e9m com o uso eleitoral da Caixa. \u201cA dire\u00e7\u00e3o do banco n\u00e3o apresenta relat\u00f3rios sobre as den\u00fancias de ass\u00e9dio sexual. Nada mudou do ponto de vista pr\u00e1tico no banco, que lan\u00e7ou programa para mulheres para apagar a quest\u00e3o do ass\u00e9dio, agora renegocia\u00e7\u00e3o de d\u00edvidas as v\u00e9speras do segundo turno\u201d, acrescentou.<\/p>\n<h3><strong>Rea\u00e7\u00e3o no Acre<\/strong><\/h3>\n<p>O Sindicato dos Banc\u00e1rios do Acre criticou o desrespeito \u00e0 laicidade garantida pela Constitui\u00e7\u00e3o Federal. \u201cSer\u00e1 que outras religi\u00f5es, como as de matrizes africanas teriam o mesmo espa\u00e7o\u201d, questionou o presidente da entidade e empregado da Caixa, Eudo Raffael Lima da Silva.<\/p>\n<p>Ele disse que j\u00e1 solicitou \u00e0 assessoria jur\u00eddica da entidade uma an\u00e1lise das medidas que podem ser adotadas.<\/p>\n<p><strong>Fonte:<\/strong>\u00a0<a href=\"https:\/\/www.fenae.org.br\/portal\/fenae-portal\/fenae-cobra-esclarecimentos-da-direcao-da-caixa-sobre-uso-do-banco-para-evento-religioso-em-rio-branco-no-acre.htm\" target=\"_blank\" rel=\"noopener noreferrer\">Fenae<\/a><\/p>\n","protected":false},"excerpt":{"rendered":"<p>A Comiss\u00e3o Executiva dos Empregados (CEE) Caixa Econ\u00f4mica Federal cobrou esclarecimentos da dire\u00e7\u00e3o do banco, nesta sexta-feira (7), ap\u00f3s tomar conhecimento das den\u00fancias sobre um convite para um culto em A\u00e7\u00e3o de Gra\u00e7as que foi distribu\u00eddo fisicamente por gestores aos empregados, em hor\u00e1rio de trabalho, em ag\u00eancias. O convite tamb\u00e9m de grupos de WhatsApp. O [&hellip;]<\/p>\n","protected":false},"author":2,"featured_media":13239,"comment_status":"","ping_status":"","sticky":false,"template":"","format":"standard","meta":{"footnotes":""},"categories":[3],"tags":[],"class_list":["post-13240","post","type-post","status-publish","format-standard","has-post-thumbnail","hentry","category-noticias"],"_links":{"self":[{"href":"https:\/\/hostnetart.com.br\/baixada\/wp-json\/wp\/v2\/posts\/13240","targetHints":{"allow":["GET"]}}],"collection":[{"href":"https:\/\/hostnetart.com.br\/baixada\/wp-json\/wp\/v2\/posts"}],"about":[{"href":"https:\/\/hostnetart.com.br\/baixada\/wp-json\/wp\/v2\/types\/post"}],"author":[{"embeddable":true,"href":"https:\/\/hostnetart.com.br\/baixada\/wp-json\/wp\/v2\/users\/2"}],"replies":[{"embeddable":true,"href":"https:\/\/hostnetart.com.br\/baixada\/wp-json\/wp\/v2\/comments?post=13240"}],"version-history":[{"count":0,"href":"https:\/\/hostnetart.com.br\/baixada\/wp-json\/wp\/v2\/posts\/13240\/revisions"}],"wp:featuredmedia":[{"embeddable":true,"href":"https:\/\/hostnetart.com.br\/baixada\/wp-json\/wp\/v2\/media\/13239"}],"wp:attachment":[{"href":"https:\/\/hostnetart.com.br\/baixada\/wp-json\/wp\/v2\/media?parent=13240"}],"wp:term":[{"taxonomy":"category","embeddable":true,"href":"https:\/\/hostnetart.com.br\/baixada\/wp-json\/wp\/v2\/categories?post=13240"},{"taxonomy":"post_tag","embeddable":true,"href":"https:\/\/hostnetart.com.br\/baixada\/wp-json\/wp\/v2\/tags?post=13240"}],"curies":[{"name":"wp","href":"https:\/\/api.w.org\/{rel}","templated":true}]}}