{"id":1324,"date":"2014-05-27T00:00:00","date_gmt":"2014-05-27T03:00:00","guid":{"rendered":"https:\/\/hostnetart.com.br\/baixada\/bancarios-protestam-contra-demissoes-na-torre-santander-nesta-terca\/"},"modified":"2014-05-27T00:00:00","modified_gmt":"2014-05-27T03:00:00","slug":"bancarios-protestam-contra-demissoes-na-torre-santander-nesta-terca","status":"publish","type":"post","link":"https:\/\/hostnetart.com.br\/baixada\/bancarios-protestam-contra-demissoes-na-torre-santander-nesta-terca\/","title":{"rendered":"Banc\u00e1rios protestam contra demiss\u00f5es na Torre Santander nesta ter\u00e7a"},"content":{"rendered":"<p>A Contraf-CUT, federa\u00e7\u00f5es e sindicatos realizam nesta ter\u00e7a-feira (27), \u00e0s 12 horas, uma manifesta\u00e7\u00e3o em frente \u00e0 Torre Santander, em S\u00e3o Paulo, contra as milhares de demiss\u00f5es de funcion\u00e1rios. Haver\u00e1 entrega de cartas assinadas por clientes de todo o pa\u00eds, cobrando o fim das dispensas, mais contrata\u00e7\u00f5es e redu\u00e7\u00e3o dos juros e das tarifas. A atividade ir\u00e1 coroar a Jornada Nacional de Luta, iniciada no \u00faltimo dia 13.<\/p>\n<p>\u201cO objetivo \u00e9 pressionar a diretoria do Santander a parar de demitir, dialogar com o movimento sindical e mudar a gest\u00e3o do banco no Brasil. Essa pol\u00edtica de dispensas prejudica trabalhadores e clientes, bem como afeta os resultados do banco, cada vez mais distante dos seus principais concorrentes e quase sempre liderando o ranking de reclama\u00e7\u00f5es do Banco Central\u201d, destaca o secret\u00e1rio de Imprensa da Contraf-CUT, Ademir Wiederkehr.<\/p>\n<p>\u201cOs clientes est\u00e3o sensibilizados com a situa\u00e7\u00e3o dos funcion\u00e1rios, sobrecarregados. E exigem provid\u00eancias do Santander\u201d, afirma a coordenadora da Comiss\u00e3o de Organiza\u00e7\u00e3o dos Empregados (COE) do Santander, Maria Rosani.<\/p>\n<p>A dif\u00edcil situa\u00e7\u00e3o dos banc\u00e1rios do Santander tamb\u00e9m est\u00e1 sendo denunciada nesta ter\u00e7a, por meio de informes do Sindicato dos Banc\u00e1rios de S\u00e3o Paulo nas r\u00e1dios CBN 90,5 FM (das 6h \u00e0s 9h) e Brasil Atual 93,3 FM (litoral paulista) e 98,9 FM (Grande S\u00e3o Paulo) das 7h \u00e0s 9h.<\/p>\n<p>Uma carta foi enviada no \u00faltimo dia 19 ao presidente do Santander Brasil, Jesus Zabalza, solicitando uma reuni\u00e3o para fazer a entrega das mensagens dos clientes e discutir o problema das demiss\u00f5es.<\/p>\n<p>Fonte: Contraf-CUT<\/p>\n","protected":false},"excerpt":{"rendered":"<p>A Contraf-CUT, federa\u00e7\u00f5es e sindicatos realizam nesta ter\u00e7a-feira (27), \u00e0s 12 horas, uma manifesta\u00e7\u00e3o em frente \u00e0 Torre Santander, em S\u00e3o Paulo, contra as milhares de demiss\u00f5es de funcion\u00e1rios. Haver\u00e1 entrega de cartas assinadas por clientes de todo o pa\u00eds, cobrando o fim das dispensas, mais contrata\u00e7\u00f5es e redu\u00e7\u00e3o dos juros e das tarifas. A [&hellip;]<\/p>\n","protected":false},"author":1,"featured_media":0,"comment_status":"","ping_status":"","sticky":false,"template":"","format":"standard","meta":{"footnotes":""},"categories":[3],"tags":[],"class_list":["post-1324","post","type-post","status-publish","format-standard","hentry","category-noticias"],"_links":{"self":[{"href":"https:\/\/hostnetart.com.br\/baixada\/wp-json\/wp\/v2\/posts\/1324","targetHints":{"allow":["GET"]}}],"collection":[{"href":"https:\/\/hostnetart.com.br\/baixada\/wp-json\/wp\/v2\/posts"}],"about":[{"href":"https:\/\/hostnetart.com.br\/baixada\/wp-json\/wp\/v2\/types\/post"}],"author":[{"embeddable":true,"href":"https:\/\/hostnetart.com.br\/baixada\/wp-json\/wp\/v2\/users\/1"}],"replies":[{"embeddable":true,"href":"https:\/\/hostnetart.com.br\/baixada\/wp-json\/wp\/v2\/comments?post=1324"}],"version-history":[{"count":0,"href":"https:\/\/hostnetart.com.br\/baixada\/wp-json\/wp\/v2\/posts\/1324\/revisions"}],"wp:attachment":[{"href":"https:\/\/hostnetart.com.br\/baixada\/wp-json\/wp\/v2\/media?parent=1324"}],"wp:term":[{"taxonomy":"category","embeddable":true,"href":"https:\/\/hostnetart.com.br\/baixada\/wp-json\/wp\/v2\/categories?post=1324"},{"taxonomy":"post_tag","embeddable":true,"href":"https:\/\/hostnetart.com.br\/baixada\/wp-json\/wp\/v2\/tags?post=1324"}],"curies":[{"name":"wp","href":"https:\/\/api.w.org\/{rel}","templated":true}]}}