{"id":1323,"date":"2013-08-21T00:00:00","date_gmt":"2013-08-21T03:00:00","guid":{"rendered":"https:\/\/hostnetart.com.br\/baixada\/bancos-so-dizem-nao-e-bancarios-vao-a-luta-nesta-quinta-em-todo-o-pais\/"},"modified":"2013-08-21T00:00:00","modified_gmt":"2013-08-21T03:00:00","slug":"bancos-so-dizem-nao-e-bancarios-vao-a-luta-nesta-quinta-em-todo-o-pais","status":"publish","type":"post","link":"https:\/\/hostnetart.com.br\/baixada\/bancos-so-dizem-nao-e-bancarios-vao-a-luta-nesta-quinta-em-todo-o-pais\/","title":{"rendered":"Bancos s\u00f3 dizem \u2018n\u00e3o\u2019 e banc\u00e1rios v\u00e3o \u00e0 luta nesta quinta em todo o pa\u00eds"},"content":{"rendered":"<p>Os banc\u00e1rios v\u00e3o \u00e0s ruas nesta quinta-feira 22 em todo o pa\u00eds manifestar sua indigna\u00e7\u00e3o diante da intransig\u00eancia dos bancos, que nas duas rodadas duplas de negocia\u00e7\u00e3o realizadas at\u00e9 agora na Campanha 13 rejeitaram todas as propostas sobre sa\u00fade, condi\u00e7\u00f5es de trabalho, seguran\u00e7a, emprego e igualdade de oportunidades. Os mais de 130 sindicatos representados pelo Comando Nacional dos Banc\u00e1rios far\u00e3o passeatas no final do expediente banc\u00e1rio.<\/p>\n<p>\u00a0<\/p>\n<p>\u201cOs balan\u00e7os semestrais dos bancos mostram que eles continuam batendo recordes de lucro. N\u00e3o h\u00e1 raz\u00e3o, portanto, para recusarem as reivindica\u00e7\u00f5es dos banc\u00e1rios. E como os banqueiros s\u00f3 agem sob press\u00e3o, \u00e9 importante que todas as nossas entidades intensifiquem a prepara\u00e7\u00e3o do Dia Nacional de Luta no dia 22, com passeatas em todo o pa\u00eds, e tamb\u00e9m da greve geral do dia 30 convocada pelas centrais sindicais\u201d, afirma Carlos Cordeiro, presidente da Contraf-CUT e coordenador do Comando Nacional dos Banc\u00e1rios.<\/p>\n<p>\u00a0<\/p>\n<p><a href=\"http:\/\/www.contrafcut.org.br\/noticias.asp?CodNoticia=35371\" target=\"_blank\" rel=\"noopener noreferrer\">Veja aqui<\/a>\u00a0como foi a primeira rodada dupla de negocia\u00e7\u00f5es com a Fenaban, nos dias 8 e 9, sobre sa\u00fade, condi\u00e7\u00f5es de trabalho e seguran\u00e7a.<\/p>\n<p>\u00a0<\/p>\n<p>E\u00a0<a href=\"http:\/\/www.contrafcut.org.br\/noticias.asp?CodNoticia=35383\" target=\"_blank\" rel=\"noopener noreferrer\">leia aqui<\/a>\u00a0sobre a segunda rodada dupla de negocia\u00e7\u00f5es, sobre emprego e igualdade de oportunidades.<\/p>\n<p>\u00a0<\/p>\n<p>\u00a0<\/p>\n<p><strong>O que os banc\u00e1rios reivindicam<\/strong><\/p>\n<p>\u00a0<\/p>\n<p>&gt;\u00a0<strong>Reajuste salarial de 11,93%<\/strong>, composto de 5% de aumento real, al\u00e9m da infla\u00e7\u00e3o projetada de 6,6%.<\/p>\n<p>\u00a0<\/p>\n<p>&gt;\u00a0<strong>PLR<\/strong>: tr\u00eas sal\u00e1rios mais R$ 5.553,15.<\/p>\n<p>\u00a0<\/p>\n<p>&gt;\u00a0<strong>Piso<\/strong>: R$ 2.860,21 (sal\u00e1rio m\u00ednimo do Dieese).<\/p>\n<p>\u00a0<\/p>\n<p>&gt;\u00a0<strong>Vales<\/strong>\u00a0alimenta\u00e7\u00e3o, refei\u00e7\u00e3o, 13\u00aa cesta e aux\u00edlio-creche\/bab\u00e1: R$ 678 ao m\u00eas para cada (sal\u00e1rio m\u00ednimo nacional).<\/p>\n<p>\u00a0<\/p>\n<p>&gt;\u00a0<strong>Melhores condi\u00e7\u00f5es de trabalho<\/strong>, com o fim das metas abusivas e do ass\u00e9dio moral que adoece os banc\u00e1rios.<\/p>\n<p>\u00a0<\/p>\n<p>&gt;\u00a0<strong>Emprego<\/strong>: fim das demiss\u00f5es, mais contrata\u00e7\u00f5es, aumento da inclus\u00e3o banc\u00e1ria, combate \u00e0s terceiriza\u00e7\u00f5es, especialmente ao PL 4330 que precariza as condi\u00e7\u00f5es de trabalho, al\u00e9m da aprova\u00e7\u00e3o da Conven\u00e7\u00e3o 158 da OIT, que pro\u00edbe as dispensas imotivadas.<\/p>\n<p>\u00a0<\/p>\n<p>&gt; Plano de Cargos, Carreiras e Sal\u00e1rios\u00a0<strong>(PCCS)<\/strong>\u00a0para todos os banc\u00e1rios.<\/p>\n<p>\u00a0<\/p>\n<p>&gt;\u00a0<strong>Aux\u00edlio-educa\u00e7\u00e3o<\/strong>: pagamento para gradua\u00e7\u00e3o e p\u00f3s-gradua\u00e7\u00e3o.<\/p>\n<p>\u00a0<\/p>\n<p>&gt;\u00a0<strong>Preven\u00e7\u00e3o contra assaltos e sequestros<\/strong>, com o fim da guarda das chaves de cofres e ag\u00eancias por banc\u00e1rios.<\/p>\n<p>\u00a0<\/p>\n<p>&gt;\u00a0<strong>Igualdade de oportunidades<\/strong>\u00a0para banc\u00e1rios e banc\u00e1rias, com a contrata\u00e7\u00e3o de pelo menos 20% de trabalhadores afro-descendentes.<\/p>\n<p>\u00a0<\/p>\n<p>\u00a0<\/p>\n<p><strong>Calend\u00e1rio de luta<\/strong><\/p>\n<p>\u00a0<\/p>\n<p>\u00a0<\/p>\n<p><strong>Agosto<\/strong><\/p>\n<p>\u00a0<\/p>\n<p>\u00a0<\/p>\n<p><strong>22<\/strong>\u00a0&#8211; Dia Nacional de Luta, com passeatas dos banc\u00e1rios<br \/><strong>22<\/strong>\u00a0&#8211; Primeira rodada de negocia\u00e7\u00f5es espec\u00edficas entre o Comando e o BNB<br \/><strong>23<\/strong>\u00a0&#8211; Segunda rodada das negocia\u00e7\u00f5es espec\u00edficas do Banco do Brasil<br \/><strong>26 e 27<\/strong>\u00a0&#8211; Terceira rodada de negocia\u00e7\u00f5es entre Comando e Fenaban<br \/><strong>28<\/strong>\u00a0&#8211; Dia do Banc\u00e1rio, com atos de comemora\u00e7\u00e3o e de mobiliza\u00e7\u00e3o<br \/><strong>29<\/strong>\u00a0&#8211; Terceira rodada de negocia\u00e7\u00e3o espec\u00edfica entre Comando e BB<br \/><strong>30<\/strong>\u00a0&#8211; Dia Nacional de Mobiliza\u00e7\u00e3o e Paralisa\u00e7\u00e3o das centrais sindicais pela pauta da classe trabalhadora<\/p>\n<p>\u00a0<\/p>\n<p>\u00a0<\/p>\n<p><strong>Setembro<\/strong><\/p>\n<p><strong>3<\/strong>\u00a0&#8211; Previs\u00e3o de vota\u00e7\u00e3o do PL 4330 da terceiriza\u00e7\u00e3o na CCJC da C\u00e2mara<\/p>\n<p>\u00a0<br \/>Fonte: Contraf-CUT<\/p>\n","protected":false},"excerpt":{"rendered":"<p>Os banc\u00e1rios v\u00e3o \u00e0s ruas nesta quinta-feira 22 em todo o pa\u00eds manifestar sua indigna\u00e7\u00e3o diante da intransig\u00eancia dos bancos, que nas duas rodadas duplas de negocia\u00e7\u00e3o realizadas at\u00e9 agora na Campanha 13 rejeitaram todas as propostas sobre sa\u00fade, condi\u00e7\u00f5es de trabalho, seguran\u00e7a, emprego e igualdade de oportunidades. Os mais de 130 sindicatos representados pelo [&hellip;]<\/p>\n","protected":false},"author":1,"featured_media":0,"comment_status":"","ping_status":"","sticky":false,"template":"","format":"standard","meta":{"footnotes":""},"categories":[3],"tags":[],"class_list":["post-1323","post","type-post","status-publish","format-standard","hentry","category-noticias"],"_links":{"self":[{"href":"https:\/\/hostnetart.com.br\/baixada\/wp-json\/wp\/v2\/posts\/1323","targetHints":{"allow":["GET"]}}],"collection":[{"href":"https:\/\/hostnetart.com.br\/baixada\/wp-json\/wp\/v2\/posts"}],"about":[{"href":"https:\/\/hostnetart.com.br\/baixada\/wp-json\/wp\/v2\/types\/post"}],"author":[{"embeddable":true,"href":"https:\/\/hostnetart.com.br\/baixada\/wp-json\/wp\/v2\/users\/1"}],"replies":[{"embeddable":true,"href":"https:\/\/hostnetart.com.br\/baixada\/wp-json\/wp\/v2\/comments?post=1323"}],"version-history":[{"count":0,"href":"https:\/\/hostnetart.com.br\/baixada\/wp-json\/wp\/v2\/posts\/1323\/revisions"}],"wp:attachment":[{"href":"https:\/\/hostnetart.com.br\/baixada\/wp-json\/wp\/v2\/media?parent=1323"}],"wp:term":[{"taxonomy":"category","embeddable":true,"href":"https:\/\/hostnetart.com.br\/baixada\/wp-json\/wp\/v2\/categories?post=1323"},{"taxonomy":"post_tag","embeddable":true,"href":"https:\/\/hostnetart.com.br\/baixada\/wp-json\/wp\/v2\/tags?post=1323"}],"curies":[{"name":"wp","href":"https:\/\/api.w.org\/{rel}","templated":true}]}}