{"id":13226,"date":"2022-10-05T17:51:42","date_gmt":"2022-10-05T20:51:42","guid":{"rendered":"https:\/\/hostnetart.com.br\/baixada\/financiarios-conquistam-proposta-com-reajustes-economicos-e-garantias-de-direitos\/"},"modified":"2022-10-05T17:51:42","modified_gmt":"2022-10-05T20:51:42","slug":"financiarios-conquistam-proposta-com-reajustes-economicos-e-garantias-de-direitos","status":"publish","type":"post","link":"https:\/\/hostnetart.com.br\/baixada\/financiarios-conquistam-proposta-com-reajustes-economicos-e-garantias-de-direitos\/","title":{"rendered":"Financi\u00e1rios conquistam proposta com reajustes econ\u00f4micos e garantias de direitos"},"content":{"rendered":"<div class=\"elementor-element elementor-element-194680ec elementor-widget elementor-widget-theme-post-content\" data-id=\"194680ec\" data-element_type=\"widget\" data-widget_type=\"theme-post-content.default\">\n<div class=\"elementor-widget-container\">\n<p>Depois de uma negocia\u00e7\u00e3o que se estendeu por quase tr\u00eas meses, os financi\u00e1rios conquistaram a garantia de todos os direitos da Conven\u00e7\u00e3o Coletiva de Trabalho (CCT) por dois anos. Em negocia\u00e7\u00e3o realizada na manh\u00e3 desta quarta-feira (5), de forma h\u00edbrida, a Federa\u00e7\u00e3o Interestadual das Institui\u00e7\u00f5es de Cr\u00e9dito, Financiamento e Investimento (Fenacrefi) apresentou uma proposta de reajuste de 9% nos sal\u00e1rios e nas cl\u00e1usulas econ\u00f4micas e reajuste de 12% nos vales alimenta\u00e7\u00e3o e refei\u00e7\u00e3o, al\u00e9m de reajuste de 11,9% nos valores fixos, teto e parcela adicional da Participa\u00e7\u00e3o nos Lucros e Resultados (PLR) e Vale Abono de R$ 800,00.<\/p>\n<p>Para 2023, a proposta de reajuste pelo \u00cdndice Nacional de Pre\u00e7os ao Consumidor (INPC) + 0,3% de aumento real, exceto para PLR que ser\u00e1 reajustada somente pelo INPC do per\u00edodo. A manuten\u00e7\u00e3o das cl\u00e1usulas sociais \u00e9 v\u00e1lida para os dois anos.<\/p>\n<p>\u201cAs financeiras colocaram bastante dificuldade nas negocia\u00e7\u00f5es e as reuni\u00f5es foram demoradas, mas conseguimos garantir bons \u00edndices de reajuste, com ganhos reais nos vales, reajuste pela infla\u00e7\u00e3o na PLR, e aumento real nas cl\u00e1usulas econ\u00f4micas 2023\u2033, afirmou o dirigente sindical e coordenador do Coletivo dos Financi\u00e1rios da Confedera\u00e7\u00e3o Nacional dos Trabalhadores do Ramo Financeiro (Contraf-CUT), Jair Alves.<\/p>\n<p>Gustavo Tabatinga Jr., secret\u00e1rio-geral da Contraf-CUT, orienta os trabalhadores a aceitarem as propostas. \u201cNuma conjuntura como esta, com um governo que insistentemente tenta retirar direitos da classe trabalhadora, a manuten\u00e7\u00e3o de toda a nossa Conven\u00e7\u00e3o Coletiva de Trabalho \u00e9 uma vit\u00f3ria\u201d.<\/p>\n<p>Al\u00e9m das quest\u00f5es econ\u00f4micas, ficou acertado entre as partes a cria\u00e7\u00e3o de grupos de trabalho para a discuss\u00e3o de temas relevantes, como a organiza\u00e7\u00e3o do ramo financeiro, a participa\u00e7\u00e3o nos lucros e resultados, a regulamenta\u00e7\u00e3o do teletrabalho, entre outros assuntos de interesse na categoria.<\/p>\n<p>Os sindicatos de todo o Brasil devem realizar as assembleias de avalia\u00e7\u00e3o da proposta at\u00e9 a pr\u00f3xima segunda-feira (10).<\/p>\n<p>Para votar, os financi\u00e1rios devem acessar o\u00a0<a href=\"https:\/\/bancarios.votabem.com.br\/\" target=\"_blank\" rel=\"noopener noreferrer\">link da Plataforma VotaBem<\/a>\u00a0ou link disponibilizado pelo seu sindicato.<\/p>\n<h3>Fonte: Contraf-CUT<\/h3>\n<figure class=\"wp-block-gallery columns-1 is-cropped\"><\/figure>\n<\/div>\n<\/div>\n<div class=\"elementor-element elementor-element-12fb8eb elementor-widget elementor-widget-heading\" data-id=\"12fb8eb\" data-element_type=\"widget\" data-widget_type=\"heading.default\">\u00a0<\/div>\n","protected":false},"excerpt":{"rendered":"<p>Depois de uma negocia\u00e7\u00e3o que se estendeu por quase tr\u00eas meses, os financi\u00e1rios conquistaram a garantia de todos os direitos da Conven\u00e7\u00e3o Coletiva de Trabalho (CCT) por dois anos. Em negocia\u00e7\u00e3o realizada na manh\u00e3 desta quarta-feira (5), de forma h\u00edbrida, a Federa\u00e7\u00e3o Interestadual das Institui\u00e7\u00f5es de Cr\u00e9dito, Financiamento e Investimento (Fenacrefi) apresentou uma proposta de [&hellip;]<\/p>\n","protected":false},"author":2,"featured_media":13225,"comment_status":"","ping_status":"","sticky":false,"template":"","format":"standard","meta":{"footnotes":""},"categories":[3],"tags":[],"class_list":["post-13226","post","type-post","status-publish","format-standard","has-post-thumbnail","hentry","category-noticias"],"_links":{"self":[{"href":"https:\/\/hostnetart.com.br\/baixada\/wp-json\/wp\/v2\/posts\/13226","targetHints":{"allow":["GET"]}}],"collection":[{"href":"https:\/\/hostnetart.com.br\/baixada\/wp-json\/wp\/v2\/posts"}],"about":[{"href":"https:\/\/hostnetart.com.br\/baixada\/wp-json\/wp\/v2\/types\/post"}],"author":[{"embeddable":true,"href":"https:\/\/hostnetart.com.br\/baixada\/wp-json\/wp\/v2\/users\/2"}],"replies":[{"embeddable":true,"href":"https:\/\/hostnetart.com.br\/baixada\/wp-json\/wp\/v2\/comments?post=13226"}],"version-history":[{"count":0,"href":"https:\/\/hostnetart.com.br\/baixada\/wp-json\/wp\/v2\/posts\/13226\/revisions"}],"wp:featuredmedia":[{"embeddable":true,"href":"https:\/\/hostnetart.com.br\/baixada\/wp-json\/wp\/v2\/media\/13225"}],"wp:attachment":[{"href":"https:\/\/hostnetart.com.br\/baixada\/wp-json\/wp\/v2\/media?parent=13226"}],"wp:term":[{"taxonomy":"category","embeddable":true,"href":"https:\/\/hostnetart.com.br\/baixada\/wp-json\/wp\/v2\/categories?post=13226"},{"taxonomy":"post_tag","embeddable":true,"href":"https:\/\/hostnetart.com.br\/baixada\/wp-json\/wp\/v2\/tags?post=13226"}],"curies":[{"name":"wp","href":"https:\/\/api.w.org\/{rel}","templated":true}]}}