{"id":13222,"date":"2022-10-05T14:47:39","date_gmt":"2022-10-05T17:47:39","guid":{"rendered":"https:\/\/hostnetart.com.br\/baixada\/movimento-sindical-cobra-explicacoes-sobre-fechamento-de-agencias-do-bradesco\/"},"modified":"2022-10-05T14:47:39","modified_gmt":"2022-10-05T17:47:39","slug":"movimento-sindical-cobra-explicacoes-sobre-fechamento-de-agencias-do-bradesco","status":"publish","type":"post","link":"https:\/\/hostnetart.com.br\/baixada\/movimento-sindical-cobra-explicacoes-sobre-fechamento-de-agencias-do-bradesco\/","title":{"rendered":"Movimento Sindical cobra explica\u00e7\u00f5es sobre fechamento de ag\u00eancias do Bradesco"},"content":{"rendered":"<p>O Movimento Sindical Banc\u00e1rio, atrav\u00e9s da\u00a0Confedera\u00e7\u00e3o Nacional dos Trabalhadores do Ramo Financeiro (Contraf-CUT) cobra do Bradesco explica\u00e7\u00f5es sobre o fechamento de 115 ag\u00eancias, anunciado na semana passada.<\/p>\n<p>De acordo com o banco, todos os trabalhadores ser\u00e3o realocados e nem todas ag\u00eancias ser\u00e3o fechadas, boa parte delas ser\u00e3o transformadas em unidades de neg\u00f3cios. Ainda segundo o banco, foi feito um estudo para apontar quais ag\u00eancias podem ser fechadas, levando em conta, por exemplo, o fluxo de clientes, a sobreposi\u00e7\u00e3o de ag\u00eancias e a migra\u00e7\u00e3o de clientes para os meios digitais.<\/p>\n<p>A Contraf-CUT, por meio da Coordenadora da Comiss\u00e3o de Organiza\u00e7\u00e3o dos Empregados (COE) do Bradesco, Magaly Fagundes, tamb\u00e9m questionou sobre a mudan\u00e7a na nomenclatura dos cargos, desde o \u00faltimo s\u00e1bado (1\u00ba). Os atuais Escritur\u00e1rios passaram a ser Agentes de Neg\u00f3cios e os Caixas ser\u00e3o Agentes de Neg\u00f3cios \u2013 Caixa. Segundo o banco, a mudan\u00e7a ocorreu apenas para adequa\u00e7\u00e3o da nomenclatura utilizada no mercado de trabalho, sem mudan\u00e7as em rela\u00e7\u00e3o a sal\u00e1rio e jornada de trabalho. Mas, houve revis\u00e3o de acesso dos escritur\u00e1rios a alguns servi\u00e7os. Tamb\u00e9m houve melhorias na trilha de carreira. As mudan\u00e7as foram realizadas em todo o pa\u00eds, com exce\u00e7\u00e3o do Agente de Neg\u00f3cio \u2013 Caixa, que em algumas ag\u00eancias permanecer\u00e1 a fun\u00e7\u00e3o caixa.<\/p>\n<p>A coordenadora da COE informou que ser\u00e1 enviado um of\u00edcio com pedido de marca\u00e7\u00e3o de uma reuni\u00e3o ainda em outubro. \u201cN\u00f3s queremos retomar a discuss\u00e3o da nossa minuta espec\u00edfica de reivindica\u00e7\u00e3o e aprofundar o debate de outros temas de interesse dos trabalhadores do Bradesco\u201d, afirmou.<\/p>\n<p><strong>Fonte: Contraf-CUT<\/strong><\/p>\n","protected":false},"excerpt":{"rendered":"<p>O Movimento Sindical Banc\u00e1rio, atrav\u00e9s da\u00a0Confedera\u00e7\u00e3o Nacional dos Trabalhadores do Ramo Financeiro (Contraf-CUT) cobra do Bradesco explica\u00e7\u00f5es sobre o fechamento de 115 ag\u00eancias, anunciado na semana passada. De acordo com o banco, todos os trabalhadores ser\u00e3o realocados e nem todas ag\u00eancias ser\u00e3o fechadas, boa parte delas ser\u00e3o transformadas em unidades de neg\u00f3cios. Ainda segundo o [&hellip;]<\/p>\n","protected":false},"author":2,"featured_media":13221,"comment_status":"","ping_status":"","sticky":false,"template":"","format":"standard","meta":{"footnotes":""},"categories":[3],"tags":[],"class_list":["post-13222","post","type-post","status-publish","format-standard","has-post-thumbnail","hentry","category-noticias"],"_links":{"self":[{"href":"https:\/\/hostnetart.com.br\/baixada\/wp-json\/wp\/v2\/posts\/13222","targetHints":{"allow":["GET"]}}],"collection":[{"href":"https:\/\/hostnetart.com.br\/baixada\/wp-json\/wp\/v2\/posts"}],"about":[{"href":"https:\/\/hostnetart.com.br\/baixada\/wp-json\/wp\/v2\/types\/post"}],"author":[{"embeddable":true,"href":"https:\/\/hostnetart.com.br\/baixada\/wp-json\/wp\/v2\/users\/2"}],"replies":[{"embeddable":true,"href":"https:\/\/hostnetart.com.br\/baixada\/wp-json\/wp\/v2\/comments?post=13222"}],"version-history":[{"count":0,"href":"https:\/\/hostnetart.com.br\/baixada\/wp-json\/wp\/v2\/posts\/13222\/revisions"}],"wp:featuredmedia":[{"embeddable":true,"href":"https:\/\/hostnetart.com.br\/baixada\/wp-json\/wp\/v2\/media\/13221"}],"wp:attachment":[{"href":"https:\/\/hostnetart.com.br\/baixada\/wp-json\/wp\/v2\/media?parent=13222"}],"wp:term":[{"taxonomy":"category","embeddable":true,"href":"https:\/\/hostnetart.com.br\/baixada\/wp-json\/wp\/v2\/categories?post=13222"},{"taxonomy":"post_tag","embeddable":true,"href":"https:\/\/hostnetart.com.br\/baixada\/wp-json\/wp\/v2\/tags?post=13222"}],"curies":[{"name":"wp","href":"https:\/\/api.w.org\/{rel}","templated":true}]}}