{"id":13220,"date":"2022-10-05T14:46:12","date_gmt":"2022-10-05T17:46:12","guid":{"rendered":"https:\/\/hostnetart.com.br\/baixada\/financiarios-voltam-a-se-reunir-com-a-fenacrefi-nesta-quarta-feira-5\/"},"modified":"2022-10-05T14:46:12","modified_gmt":"2022-10-05T17:46:12","slug":"financiarios-voltam-a-se-reunir-com-a-fenacrefi-nesta-quarta-feira-5","status":"publish","type":"post","link":"https:\/\/hostnetart.com.br\/baixada\/financiarios-voltam-a-se-reunir-com-a-fenacrefi-nesta-quarta-feira-5\/","title":{"rendered":"Financi\u00e1rios voltam a se reunir com a Fenacrefi nesta quarta-feira (5)"},"content":{"rendered":"<p>Representantes dos financi\u00e1rios se re\u00fanem com a Federa\u00e7\u00e3o Interestadual das Institui\u00e7\u00f5es de Cr\u00e9dito, Financiamento e Investimento (Fenacrefi), nesta quarta-feira (5), \u00e0s 11h, para dar continuidade \u00e0s negocia\u00e7\u00f5es da Campanha Nacional 2022.<\/p>\n<p><a href=\"https:\/\/contrafcut.com.br\/noticias\/movimento-sindical-entrega-pauta-de-reivindicacoes-dos-financiarios-a-fenacrefi\/\" target=\"_blank\" rel=\"noopener noreferrer\">A pauta de reivindica\u00e7\u00f5es da categoria, com data-base em 1\u00ba de junho, foi entregue no dia 15 de junho<\/a>. De l\u00e1 para c\u00e1, apenas duas reuni\u00f5es foram realizadas.\u00a0<a href=\"https:\/\/contrafcut.com.br\/noticias\/movimento-sindical-entrega-pauta-de-reivindicacoes-dos-financiarios-a-fenacrefi\/\" target=\"_blank\" rel=\"noopener noreferrer\">Na primeira, no dia 31 de agosto, a proposta foi de 8% de reajuste nos itens econ\u00f4micos, para o pr\u00f3ximo per\u00edodo de um ano<\/a>.\u00a0<a href=\"https:\/\/contrafcut.com.br\/noticias\/negociacao-dos-financiarios-volta-e-continua-sem-avancos\/\" target=\"_blank\" rel=\"noopener noreferrer\">Na segunda, no dia 22 de setembro, a Fenacrefi ofereceu reajuste de 8,5% para sal\u00e1rios e outros itens econ\u00f4micos da Conven\u00e7\u00e3o; 9% para os vales alimenta\u00e7\u00e3o e refei\u00e7\u00e3o e reajuste linear pelo INPC em 2023<\/a>. Os financi\u00e1rios reivindicam um \u00edndice pr\u00f3ximo ao INPC do per\u00edodo, que \u00e9 de 11,9%, bem como um acordo que englobe um per\u00edodo de mais 12 meses.<\/p>\n<p>\u201cEsperamos que desta vez os representantes das financeiras tragam para a mesa de negocia\u00e7\u00e3o uma proposta que atenda os anseios dos trabalhadores sejam atendidos. J\u00e1 passou da hora de encerrarmos essa Campanha Nacional\u201d, explicou o dirigente sindical e coordenador do Coletivo dos Financi\u00e1rios da Confedera\u00e7\u00e3o Nacional dos Trabalhadores do Ramo Financeiro (Contraf-CUT), Jair Alves.<\/p>\n<p>A categoria quer a manuten\u00e7\u00e3o de todos os direitos previstos na atual Conven\u00e7\u00e3o Coletiva de Trabalho, avan\u00e7ar com a regulamenta\u00e7\u00e3o do teletrabalho e melhorias nas quest\u00f5es de sa\u00fade, como aumento do prazo de extens\u00e3o do plano aos demitidos e cl\u00e1usulas espec\u00edficas sobre tratamento da covid e suas sequelas. Os representantes dos financi\u00e1rios tamb\u00e9m pedem transpar\u00eancia nos dados das empresas, quantas s\u00e3o e qual o n\u00famero de funcion\u00e1rios, para que as negocia\u00e7\u00f5es possam ser mais representativas, para atender de fato \u00e0s necessidades da categoria.<\/p>\n<p><strong>Fonte: Contraf-CUT<\/strong><\/p>\n","protected":false},"excerpt":{"rendered":"<p>Representantes dos financi\u00e1rios se re\u00fanem com a Federa\u00e7\u00e3o Interestadual das Institui\u00e7\u00f5es de Cr\u00e9dito, Financiamento e Investimento (Fenacrefi), nesta quarta-feira (5), \u00e0s 11h, para dar continuidade \u00e0s negocia\u00e7\u00f5es da Campanha Nacional 2022. A pauta de reivindica\u00e7\u00f5es da categoria, com data-base em 1\u00ba de junho, foi entregue no dia 15 de junho. De l\u00e1 para c\u00e1, apenas [&hellip;]<\/p>\n","protected":false},"author":2,"featured_media":13219,"comment_status":"","ping_status":"","sticky":false,"template":"","format":"standard","meta":{"footnotes":""},"categories":[3],"tags":[],"class_list":["post-13220","post","type-post","status-publish","format-standard","has-post-thumbnail","hentry","category-noticias"],"_links":{"self":[{"href":"https:\/\/hostnetart.com.br\/baixada\/wp-json\/wp\/v2\/posts\/13220","targetHints":{"allow":["GET"]}}],"collection":[{"href":"https:\/\/hostnetart.com.br\/baixada\/wp-json\/wp\/v2\/posts"}],"about":[{"href":"https:\/\/hostnetart.com.br\/baixada\/wp-json\/wp\/v2\/types\/post"}],"author":[{"embeddable":true,"href":"https:\/\/hostnetart.com.br\/baixada\/wp-json\/wp\/v2\/users\/2"}],"replies":[{"embeddable":true,"href":"https:\/\/hostnetart.com.br\/baixada\/wp-json\/wp\/v2\/comments?post=13220"}],"version-history":[{"count":0,"href":"https:\/\/hostnetart.com.br\/baixada\/wp-json\/wp\/v2\/posts\/13220\/revisions"}],"wp:featuredmedia":[{"embeddable":true,"href":"https:\/\/hostnetart.com.br\/baixada\/wp-json\/wp\/v2\/media\/13219"}],"wp:attachment":[{"href":"https:\/\/hostnetart.com.br\/baixada\/wp-json\/wp\/v2\/media?parent=13220"}],"wp:term":[{"taxonomy":"category","embeddable":true,"href":"https:\/\/hostnetart.com.br\/baixada\/wp-json\/wp\/v2\/categories?post=13220"},{"taxonomy":"post_tag","embeddable":true,"href":"https:\/\/hostnetart.com.br\/baixada\/wp-json\/wp\/v2\/tags?post=13220"}],"curies":[{"name":"wp","href":"https:\/\/api.w.org\/{rel}","templated":true}]}}