{"id":1322,"date":"2013-08-21T00:00:00","date_gmt":"2013-08-21T03:00:00","guid":{"rendered":"https:\/\/hostnetart.com.br\/baixada\/parabens-bancarios-as-pelo-seu-dia-de-festa-e-de-luta\/"},"modified":"2013-08-21T00:00:00","modified_gmt":"2013-08-21T03:00:00","slug":"parabens-bancarios-as-pelo-seu-dia-de-festa-e-de-luta","status":"publish","type":"post","link":"https:\/\/hostnetart.com.br\/baixada\/parabens-bancarios-as-pelo-seu-dia-de-festa-e-de-luta\/","title":{"rendered":"Parab\u00e9ns banc\u00e1rios(as) pelo seu dia. De festa e de luta!"},"content":{"rendered":"<p>\u00a0O Sindicato dos Banc\u00e1rios da Baixada Fluminense parabeniza todos os banc\u00e1rios(as) que n\u00e3o teme defender seus interesses, que acredita no seu valor e n\u00e3o aceita pr\u00e1ticas abusivas que comprometem sua integridade, lembramos que al\u00e9m de comemorar a data, \u00e9 necess\u00e1rio intensificarmos nossa mobiliza\u00e7\u00e3o como parte da estrat\u00e9gia de fortalecimento da CAMPANHA SALARIAL 2012\/2013. Unidos somos mais fortes!<br \/>A homenagem surgiu de uma das mais longas e vitoriosas greves da categoria, datada de 28 de agosto de 1951, quando trabalhadores decretaram greve ap\u00f3s ouvirem, em assembl\u00e9ia, proposta que consideraram inaceit\u00e1vel. As reivindica\u00e7\u00f5es dos banc\u00e1rios foram atendidas depois de enfrentarem 69 dias de paralisa\u00e7\u00e3o, e sob forte repress\u00e3o policial, dando in\u00edcio ao movimento que marcaria o Dia do Banc\u00e1rio.<\/p>\n","protected":false},"excerpt":{"rendered":"<p>\u00a0O Sindicato dos Banc\u00e1rios da Baixada Fluminense parabeniza todos os banc\u00e1rios(as) que n\u00e3o teme defender seus interesses, que acredita no seu valor e n\u00e3o aceita pr\u00e1ticas abusivas que comprometem sua integridade, lembramos que al\u00e9m de comemorar a data, \u00e9 necess\u00e1rio intensificarmos nossa mobiliza\u00e7\u00e3o como parte da estrat\u00e9gia de fortalecimento da CAMPANHA SALARIAL 2012\/2013. Unidos somos [&hellip;]<\/p>\n","protected":false},"author":1,"featured_media":1321,"comment_status":"","ping_status":"","sticky":false,"template":"","format":"standard","meta":{"footnotes":""},"categories":[3],"tags":[],"class_list":["post-1322","post","type-post","status-publish","format-standard","has-post-thumbnail","hentry","category-noticias"],"_links":{"self":[{"href":"https:\/\/hostnetart.com.br\/baixada\/wp-json\/wp\/v2\/posts\/1322","targetHints":{"allow":["GET"]}}],"collection":[{"href":"https:\/\/hostnetart.com.br\/baixada\/wp-json\/wp\/v2\/posts"}],"about":[{"href":"https:\/\/hostnetart.com.br\/baixada\/wp-json\/wp\/v2\/types\/post"}],"author":[{"embeddable":true,"href":"https:\/\/hostnetart.com.br\/baixada\/wp-json\/wp\/v2\/users\/1"}],"replies":[{"embeddable":true,"href":"https:\/\/hostnetart.com.br\/baixada\/wp-json\/wp\/v2\/comments?post=1322"}],"version-history":[{"count":0,"href":"https:\/\/hostnetart.com.br\/baixada\/wp-json\/wp\/v2\/posts\/1322\/revisions"}],"wp:featuredmedia":[{"embeddable":true,"href":"https:\/\/hostnetart.com.br\/baixada\/wp-json\/wp\/v2\/media\/1321"}],"wp:attachment":[{"href":"https:\/\/hostnetart.com.br\/baixada\/wp-json\/wp\/v2\/media?parent=1322"}],"wp:term":[{"taxonomy":"category","embeddable":true,"href":"https:\/\/hostnetart.com.br\/baixada\/wp-json\/wp\/v2\/categories?post=1322"},{"taxonomy":"post_tag","embeddable":true,"href":"https:\/\/hostnetart.com.br\/baixada\/wp-json\/wp\/v2\/tags?post=1322"}],"curies":[{"name":"wp","href":"https:\/\/api.w.org\/{rel}","templated":true}]}}