{"id":13216,"date":"2022-10-04T16:05:54","date_gmt":"2022-10-04T19:05:54","guid":{"rendered":"https:\/\/hostnetart.com.br\/baixada\/outubro-rosa-habitos-saudaveis-podem-ajudar-a-evitar-cancer-de-mama\/"},"modified":"2022-10-04T16:05:54","modified_gmt":"2022-10-04T19:05:54","slug":"outubro-rosa-habitos-saudaveis-podem-ajudar-a-evitar-cancer-de-mama","status":"publish","type":"post","link":"https:\/\/hostnetart.com.br\/baixada\/outubro-rosa-habitos-saudaveis-podem-ajudar-a-evitar-cancer-de-mama\/","title":{"rendered":"Outubro Rosa: h\u00e1bitos saud\u00e1veis podem ajudar a evitar c\u00e2ncer de mama"},"content":{"rendered":"<p class=\"text\">Entre 2016 e 2020,\u00a0<strong>o c\u00e2ncer de mama foi a principal causa de morte de mulheres<\/strong>\u00a0no Brasil. O n\u00famero representa 16,3% do total de \u00f3bitos no per\u00edodo, de acordo com levantamento do Instituto Nacional do C\u00e2ncer (INCA). Nesse sentido, \u00e9 poss\u00edvel entender como campanhas de conscientiza\u00e7\u00e3o sobre a doen\u00e7a, como o Outubro Rosa, s\u00e3o extremamente importantes.<\/p>\n<p class=\"text\">A campanha divulga a necessidade da realiza\u00e7\u00e3o de exames nas mamas com frequ\u00eancia, j\u00e1 que h\u00e1 chances maiores de um\u00a0<strong>tratamento bem-sucedido<\/strong>\u00a0quando o c\u00e2ncer de mama \u00e9 descoberto logo no in\u00edcio.\u00a0<\/p>\n<div id=\"ad-video-inread--wrapper\">\n<div id=\"ad-video-inread\" class=\"ad-video-inread\" data-google-query-id=\"CO3ts7b8xvoCFZWRlQIdfsYPMQ\">\n<div id=\"MagniteApex-wrapper-0.5380489108062512\">\n<div id=\"MagniteApexPlayer-0.5380489108062512\" class=\"jwplayer jw-reset jw-state-idle jw-stretch-uniform jw-breakpoint-3 jw-flag-top jw-flag-outstream jw-flag-outstream-pending jw-floating-dismissible jw-flag-user-inactive\" tabindex=\"0\">\n<div class=\"jw-wrapper jw-reset\">\n<div class=\"jw-hidden-accessibility\">Por\u00e9m, segundo Larissa Ghermandi, que \u00e9 m\u00e9dica, existem tamb\u00e9m\u00a0<strong>outras atitudes que podem e devem ser tomadas para evitar a doen\u00e7a<\/strong>. Afinal, 30% dos casos de c\u00e2ncer de mama poderiam ser evitados com a ado\u00e7\u00e3o de h\u00e1bitos saud\u00e1veis.<\/div>\n<\/div>\n<\/div>\n<\/div>\n<\/div>\n<\/div>\n<p class=\"text\">&#8220;Para afastar fatores que podem desencadear a doen\u00e7a, \u00e9 importante cuidar do corpo e da mente de forma preventiva, praticando atividades f\u00edsicas, mantendo uma alimenta\u00e7\u00e3o saud\u00e1vel e controlando o peso corporal&#8221;, afirma Ghermandi.<\/p>\n<div id=\"image_d3a9feb377c48959af479863a93048076gqpxyx7\" class=\"article__image-embed \">\n<figure><picture><source srcset=\"https:\/\/p2.trrsf.com\/image\/fget\/cf\/648\/0\/images.terra.com\/2022\/10\/03\/1761837273-outubro-rosa-cancer-de-mama-habitos-saudaveis.jpg\" media=\"(min-width:1280px)\" \/><source srcset=\"https:\/\/p2.trrsf.com\/image\/fget\/cf\/548\/0\/images.terra.com\/2022\/10\/03\/1761837273-outubro-rosa-cancer-de-mama-habitos-saudaveis.jpg\" media=\"(min-width:1024px)\" \/><source srcset=\"https:\/\/p2.trrsf.com\/image\/fget\/cf\/636\/0\/images.terra.com\/2022\/10\/03\/1761837273-outubro-rosa-cancer-de-mama-habitos-saudaveis.jpg\" media=\"(min-width:768px)\" \/><img fetchpriority=\"high\" decoding=\"async\" title=\"H\u00e1bitos saud\u00e1veis, como exerc\u00edcios f\u00edsicos, s\u00e3o importantes para evitar o c\u00e2ncer de mama \u2013\" src=\"https:\/\/p2.trrsf.com\/image\/fget\/cf\/648\/0\/images.terra.com\/2022\/10\/03\/1761837273-outubro-rosa-cancer-de-mama-habitos-saudaveis.jpg\" alt=\"H\u00e1bitos saud\u00e1veis, como exerc\u00edcios f\u00edsicos, s\u00e3o importantes para evitar o c\u00e2ncer de mama \u2013\" width=\"648\" height=\"555\" \/><\/picture><figcaption>\n<div class=\"article__image-embed--info\">\n<div class=\"article__image-embed--info__caption\">H\u00e1bitos saud\u00e1veis, como exerc\u00edcios f\u00edsicos, s\u00e3o importantes para evitar o c\u00e2ncer de mama \u2013<\/div>\n<p><small class=\"article__image-embed--info__copyright\">Foto: Shutterstock \/ Alto Astral<\/small><\/div>\n<\/figcaption><\/figure>\n<\/div>\n<p class=\"text\">A m\u00e9dica alerta ainda que\u00a0<strong>o autocuidado \u00e9 tamb\u00e9m aliado<\/strong>\u00a0na preven\u00e7\u00e3o e diagn\u00f3stico precoce. &#8220;Al\u00e9m dos n\u00f3dulos ou caro\u00e7os fixos e indolores, deve-se observar altera\u00e7\u00f5es e incha\u00e7os em toda a regi\u00e3o dos seios e axilas, que s\u00e3o sinais de que \u00e9 necess\u00e1rio investigar&#8221;, diz.<\/p>\n<h2><span style=\"text-decoration: underline;\">Caso na fam\u00edlia \u00e9 fator de risco do c\u00e2ncer de mama?<\/span><\/h2>\n<p class=\"text\">Quando se fala em c\u00e2ncer de mama, uma d\u00favida muito frequente est\u00e1 relacionada a hereditariedade. Por\u00e9m, segundo Ghermandi, casos na fam\u00edlia representam maior risco de desenvolvimento do c\u00e2ncer\u00a0<strong>apenas para parentes em primeiro grau<\/strong>.\u00a0<\/p>\n<p class=\"text\">&#8220;Para estas pacientes, a indica\u00e7\u00e3o \u00e9 que seja feito o acompanhamento anual com exames. Para mulheres a partir dos 50 anos, o Minist\u00e9rio da Sa\u00fade recomenda o rastreamento via mamografia a cada dois anos, quando n\u00e3o h\u00e1 sinais ou sintomas&#8221;, explica a m\u00e9dica.<\/p>\n<p class=\"text\"><em><strong>Fonte:\u00a0Larissa Ghermandi, m\u00e9dica da fam\u00edlia da operadora de sa\u00fade Sami.<\/strong><\/em><\/p>\n","protected":false},"excerpt":{"rendered":"<p>Entre 2016 e 2020,\u00a0o c\u00e2ncer de mama foi a principal causa de morte de mulheres\u00a0no Brasil. O n\u00famero representa 16,3% do total de \u00f3bitos no per\u00edodo, de acordo com levantamento do Instituto Nacional do C\u00e2ncer (INCA). Nesse sentido, \u00e9 poss\u00edvel entender como campanhas de conscientiza\u00e7\u00e3o sobre a doen\u00e7a, como o Outubro Rosa, s\u00e3o extremamente importantes. [&hellip;]<\/p>\n","protected":false},"author":2,"featured_media":13215,"comment_status":"","ping_status":"","sticky":false,"template":"","format":"standard","meta":{"footnotes":""},"categories":[3],"tags":[],"class_list":["post-13216","post","type-post","status-publish","format-standard","has-post-thumbnail","hentry","category-noticias"],"_links":{"self":[{"href":"https:\/\/hostnetart.com.br\/baixada\/wp-json\/wp\/v2\/posts\/13216","targetHints":{"allow":["GET"]}}],"collection":[{"href":"https:\/\/hostnetart.com.br\/baixada\/wp-json\/wp\/v2\/posts"}],"about":[{"href":"https:\/\/hostnetart.com.br\/baixada\/wp-json\/wp\/v2\/types\/post"}],"author":[{"embeddable":true,"href":"https:\/\/hostnetart.com.br\/baixada\/wp-json\/wp\/v2\/users\/2"}],"replies":[{"embeddable":true,"href":"https:\/\/hostnetart.com.br\/baixada\/wp-json\/wp\/v2\/comments?post=13216"}],"version-history":[{"count":0,"href":"https:\/\/hostnetart.com.br\/baixada\/wp-json\/wp\/v2\/posts\/13216\/revisions"}],"wp:featuredmedia":[{"embeddable":true,"href":"https:\/\/hostnetart.com.br\/baixada\/wp-json\/wp\/v2\/media\/13215"}],"wp:attachment":[{"href":"https:\/\/hostnetart.com.br\/baixada\/wp-json\/wp\/v2\/media?parent=13216"}],"wp:term":[{"taxonomy":"category","embeddable":true,"href":"https:\/\/hostnetart.com.br\/baixada\/wp-json\/wp\/v2\/categories?post=13216"},{"taxonomy":"post_tag","embeddable":true,"href":"https:\/\/hostnetart.com.br\/baixada\/wp-json\/wp\/v2\/tags?post=13216"}],"curies":[{"name":"wp","href":"https:\/\/api.w.org\/{rel}","templated":true}]}}