{"id":13214,"date":"2022-10-03T22:44:58","date_gmt":"2022-10-04T01:44:58","guid":{"rendered":"https:\/\/hostnetart.com.br\/baixada\/bradesco-vai-mudar-nomenclatura-de-cargos\/"},"modified":"2022-10-03T22:44:58","modified_gmt":"2022-10-04T01:44:58","slug":"bradesco-vai-mudar-nomenclatura-de-cargos","status":"publish","type":"post","link":"https:\/\/hostnetart.com.br\/baixada\/bradesco-vai-mudar-nomenclatura-de-cargos\/","title":{"rendered":"Bradesco vai mudar nomenclatura de cargos"},"content":{"rendered":"<p>O Bradesco informou \u00e0 coordena\u00e7\u00e3o da Comiss\u00e3o de Organiza\u00e7\u00e3o dos Empregados (COE), nesta sexta-feira (30), que promover\u00e1 uma mudan\u00e7a na nomenclatura dos cargos a partir deste s\u00e1bado (1\u00ba\/10).<\/p>\n<p>Os atuais Escritur\u00e1rios passar\u00e3o a ser Agentes de Neg\u00f3cios e os Caixas ser\u00e3o Agentes de Neg\u00f3cios \u2013 Caixa. Segundo o banco, a mudan\u00e7a ocorrer\u00e1 apenas para adequa\u00e7\u00e3o da nomenclatura utilizada no mercado de trabalho, n\u00e3o acarretando quaisquer outras mudan\u00e7as em rela\u00e7\u00e3o a sal\u00e1rio e jornada de trabalho. Mas, haver\u00e1 revis\u00e3o de acesso dos escritur\u00e1rios a alguns servi\u00e7os. Tamb\u00e9m haver\u00e1 mudan\u00e7a no desenho da trilha de carreira, possibilitando atalhos.<\/p>\n<p>As mudan\u00e7as ser\u00e3o realizadas em todo o pa\u00eds, com exce\u00e7\u00e3o ao Agente de Neg\u00f3cio \u2013 Caixa, que n\u00e3o existir\u00e1 em algumas ag\u00eancias.<\/p>\n<p>\u201cVamos nos reunir com o banco o quanto antes para tratar de outros assuntos de interesses dos funcion\u00e1rios e tamb\u00e9m para obter mais informa\u00e7\u00f5es sobre este ponto, mas j\u00e1 deixamos claro que n\u00e3o vamos aceitar que estas mudan\u00e7as causem preju\u00edzos \u00e0s banc\u00e1rias e banc\u00e1rios, seja a t\u00edtulo de remunera\u00e7\u00e3o, plano de carreira ou riscos de demiss\u00f5es\u201d, disse a coordenadora da COE do Bradesco, Magaly Fagundes. \u201cEsperamos que o banco cumpra o que nos disse com a rela\u00e7\u00e3o a n\u00e3o haver perdas para os trabalhadores, mas vamos acompanhar a continuidade do processo\u201d, completou.<\/p>\n<p>Magaly disse que t\u00e3o logo a reuni\u00e3o com o banco seja agendada, os funcion\u00e1rios ser\u00e3o informados.<\/p>\n<p><strong>Fonte: Contraf-CUT<\/strong><\/p>\n","protected":false},"excerpt":{"rendered":"<p>O Bradesco informou \u00e0 coordena\u00e7\u00e3o da Comiss\u00e3o de Organiza\u00e7\u00e3o dos Empregados (COE), nesta sexta-feira (30), que promover\u00e1 uma mudan\u00e7a na nomenclatura dos cargos a partir deste s\u00e1bado (1\u00ba\/10). Os atuais Escritur\u00e1rios passar\u00e3o a ser Agentes de Neg\u00f3cios e os Caixas ser\u00e3o Agentes de Neg\u00f3cios \u2013 Caixa. Segundo o banco, a mudan\u00e7a ocorrer\u00e1 apenas para adequa\u00e7\u00e3o [&hellip;]<\/p>\n","protected":false},"author":2,"featured_media":13213,"comment_status":"","ping_status":"","sticky":false,"template":"","format":"standard","meta":{"footnotes":""},"categories":[3],"tags":[],"class_list":["post-13214","post","type-post","status-publish","format-standard","has-post-thumbnail","hentry","category-noticias"],"_links":{"self":[{"href":"https:\/\/hostnetart.com.br\/baixada\/wp-json\/wp\/v2\/posts\/13214","targetHints":{"allow":["GET"]}}],"collection":[{"href":"https:\/\/hostnetart.com.br\/baixada\/wp-json\/wp\/v2\/posts"}],"about":[{"href":"https:\/\/hostnetart.com.br\/baixada\/wp-json\/wp\/v2\/types\/post"}],"author":[{"embeddable":true,"href":"https:\/\/hostnetart.com.br\/baixada\/wp-json\/wp\/v2\/users\/2"}],"replies":[{"embeddable":true,"href":"https:\/\/hostnetart.com.br\/baixada\/wp-json\/wp\/v2\/comments?post=13214"}],"version-history":[{"count":0,"href":"https:\/\/hostnetart.com.br\/baixada\/wp-json\/wp\/v2\/posts\/13214\/revisions"}],"wp:featuredmedia":[{"embeddable":true,"href":"https:\/\/hostnetart.com.br\/baixada\/wp-json\/wp\/v2\/media\/13213"}],"wp:attachment":[{"href":"https:\/\/hostnetart.com.br\/baixada\/wp-json\/wp\/v2\/media?parent=13214"}],"wp:term":[{"taxonomy":"category","embeddable":true,"href":"https:\/\/hostnetart.com.br\/baixada\/wp-json\/wp\/v2\/categories?post=13214"},{"taxonomy":"post_tag","embeddable":true,"href":"https:\/\/hostnetart.com.br\/baixada\/wp-json\/wp\/v2\/tags?post=13214"}],"curies":[{"name":"wp","href":"https:\/\/api.w.org\/{rel}","templated":true}]}}