{"id":13212,"date":"2022-10-03T17:15:28","date_gmt":"2022-10-03T20:15:28","guid":{"rendered":"https:\/\/hostnetart.com.br\/baixada\/sindicato-dos-bancarios-da-baixada-fluminense-reintegra-mais-um-funcionario-do-bradesco-4\/"},"modified":"2022-10-03T17:15:28","modified_gmt":"2022-10-03T20:15:28","slug":"sindicato-dos-bancarios-da-baixada-fluminense-reintegra-mais-um-funcionario-do-bradesco-4","status":"publish","type":"post","link":"https:\/\/hostnetart.com.br\/baixada\/sindicato-dos-bancarios-da-baixada-fluminense-reintegra-mais-um-funcionario-do-bradesco-4\/","title":{"rendered":"Sindicato dos Banc\u00e1rios da Baixada Fluminense reintegra mais um funcion\u00e1rio do Bradesco"},"content":{"rendered":"<p>A semana come\u00e7a com boas not\u00edcias!<\/p>\n<p>Nesta segunda-feira, 3 de outubro, o Sindicato dos Banc\u00e1rios da Baixada Fluminense reintegrou mais um funcion\u00e1rio do Banco Bradesco.<\/p>\n<p>Tadeu do Nascimento foi reintegrado na ag\u00eancia 7043, no Centro de Nova Igua\u00e7u, acompanhado dos\u00a0diretores do Sindicato, Pedro Batista e Renata Soeiro.<\/p>\n<p>Al\u00e9m da demiss\u00e3o ter ocorrido em plena pandemia do novo coronav\u00edrus, contrariando o\u00a0compromisso de n\u00e3o demiss\u00e3o que os grandes bancos assumiram, o banc\u00e1rio\u00a0estava\u00a0acometido com doen\u00e7a ocupacional.<\/p>\n<p>O laudo pericial confirmou que a doen\u00e7a decorreu do trabalho.<\/p>\n<p>&#8220;Quando os banc\u00e1rios confiam no Sindicato, o resultado aparece. Essa \u00e9 mais uma vit\u00f3ria dos trabalhadores da Baixada Fluminense.&#8221;, comentou Renata Soeiro.<\/p>\n<p><span style=\"text-decoration: underline;\">IMPORTANTE<\/span><\/p>\n<p>Tadeu \u00e9 sindicalizado e, logo ap\u00f3s seu desligamento, procurou atendimento no Sindicato dos Banc\u00e1rios da Baixada Fluminense, onde foi prontamente atendido pelos Departamentos Jur\u00eddico e de Sa\u00fade.<\/p>\n<p>\u00c9 fundamental que banc\u00e1rias e banc\u00e1rios, logo que sejam informados de suas demiss\u00f5es, procurem imediatamente atendimento no Sindicato.<\/p>\n<p><strong>SINDICALIZE-SE<\/strong><\/p>\n","protected":false},"excerpt":{"rendered":"<p>A semana come\u00e7a com boas not\u00edcias! Nesta segunda-feira, 3 de outubro, o Sindicato dos Banc\u00e1rios da Baixada Fluminense reintegrou mais um funcion\u00e1rio do Banco Bradesco. Tadeu do Nascimento foi reintegrado na ag\u00eancia 7043, no Centro de Nova Igua\u00e7u, acompanhado dos\u00a0diretores do Sindicato, Pedro Batista e Renata Soeiro. Al\u00e9m da demiss\u00e3o ter ocorrido em plena pandemia [&hellip;]<\/p>\n","protected":false},"author":2,"featured_media":13211,"comment_status":"","ping_status":"","sticky":false,"template":"","format":"standard","meta":{"footnotes":""},"categories":[3],"tags":[],"class_list":["post-13212","post","type-post","status-publish","format-standard","has-post-thumbnail","hentry","category-noticias"],"_links":{"self":[{"href":"https:\/\/hostnetart.com.br\/baixada\/wp-json\/wp\/v2\/posts\/13212","targetHints":{"allow":["GET"]}}],"collection":[{"href":"https:\/\/hostnetart.com.br\/baixada\/wp-json\/wp\/v2\/posts"}],"about":[{"href":"https:\/\/hostnetart.com.br\/baixada\/wp-json\/wp\/v2\/types\/post"}],"author":[{"embeddable":true,"href":"https:\/\/hostnetart.com.br\/baixada\/wp-json\/wp\/v2\/users\/2"}],"replies":[{"embeddable":true,"href":"https:\/\/hostnetart.com.br\/baixada\/wp-json\/wp\/v2\/comments?post=13212"}],"version-history":[{"count":0,"href":"https:\/\/hostnetart.com.br\/baixada\/wp-json\/wp\/v2\/posts\/13212\/revisions"}],"wp:featuredmedia":[{"embeddable":true,"href":"https:\/\/hostnetart.com.br\/baixada\/wp-json\/wp\/v2\/media\/13211"}],"wp:attachment":[{"href":"https:\/\/hostnetart.com.br\/baixada\/wp-json\/wp\/v2\/media?parent=13212"}],"wp:term":[{"taxonomy":"category","embeddable":true,"href":"https:\/\/hostnetart.com.br\/baixada\/wp-json\/wp\/v2\/categories?post=13212"},{"taxonomy":"post_tag","embeddable":true,"href":"https:\/\/hostnetart.com.br\/baixada\/wp-json\/wp\/v2\/tags?post=13212"}],"curies":[{"name":"wp","href":"https:\/\/api.w.org\/{rel}","templated":true}]}}