{"id":13210,"date":"2022-09-30T20:57:52","date_gmt":"2022-09-30T23:57:52","guid":{"rendered":"https:\/\/hostnetart.com.br\/baixada\/nova-terceirizacao-do-santander-afetara-centenas-de-bancarios\/"},"modified":"2022-09-30T20:57:52","modified_gmt":"2022-09-30T23:57:52","slug":"nova-terceirizacao-do-santander-afetara-centenas-de-bancarios","status":"publish","type":"post","link":"https:\/\/hostnetart.com.br\/baixada\/nova-terceirizacao-do-santander-afetara-centenas-de-bancarios\/","title":{"rendered":"Nova terceiriza\u00e7\u00e3o do Santander afetar\u00e1 centenas de banc\u00e1rios"},"content":{"rendered":"<p>O Santander anunciou, nesta sexta-feira (30), por meio de um comunicado aos funcion\u00e1rios, que vai terceirizar toda a \u00e1rea de manufatura do banco. O movimento sindical estima que, em um primeiro momento, cerca de 1,7 mil trabalhadores, hoje lotados no Radar Santander, em sua maioria, e parte na Torre e no Conex\u00e3o, deixar\u00e3o de ser funcion\u00e1rios do banco e passar\u00e3o a ser funcion\u00e1rios da \u201cSX Tools\u201d, uma empresa criada pelo pr\u00f3prio banco.<\/p>\n<p>Desde a manh\u00e3 desta sexta-feira est\u00e3o ocorrendo diversas reuni\u00f5es internas com as \u00e1reas atingidas para informar que a transfer\u00eancia ter\u00e1 in\u00edcio j\u00e1 na segunda-feira (3), mas, at\u00e9 poucos dias, o banco dizia que haveria apenas uma transfer\u00eancia de local f\u00edsico da \u00e1rea. A mudan\u00e7a pode afetar contrato de trabalho, representa\u00e7\u00e3o sindical e direitos dos trabalhadores garantidos pela Conven\u00e7\u00e3o Coletiva de Trabalho da categoria.<\/p>\n<p>Uma reuni\u00e3o de emerg\u00eancia, solicitada pela representa\u00e7\u00e3o dos trabalhadores, com o departamento de Recursos Humanos do banco est\u00e1 marcada para as 17h desta sexta-feira.<\/p>\n<p>\u201cUm processo de di\u00e1logo e de negocia\u00e7\u00e3o permanente pressup\u00f5e transpar\u00eancia e credibilidade. A dire\u00e7\u00e3o do Santander n\u00e3o tomou a decis\u00e3o de terceirizar centenas de funcion\u00e1rios, e muito menos formulou essa mudan\u00e7a de um dia para o outro\u201d, observou a coordenadora da Comiss\u00e3o de Organiza\u00e7\u00e3o dos Empregados (COE) do Santander, Lucimara Malaquias. \u201cEssa altera\u00e7\u00e3o em um per\u00edodo t\u00e3o curto, informando os trabalhadores na \u00faltima hora e sem negocia\u00e7\u00e3o pr\u00e9via, sinaliza que o banco n\u00e3o respeita o processo negocial coletivo, n\u00e3o est\u00e1 aberto ao di\u00e1logo e tampouco respeita os trabalhadores que ser\u00e3o submetidos a altera\u00e7\u00f5es profundas nos seus contratos de trabalho, podendo resultar em perdas significativas de sal\u00e1rio e de direitos\u201d, completou.<\/p>\n<h3><strong>Luta passa pela elei\u00e7\u00e3o<\/strong><\/h3>\n<p>A secret\u00e1ria de Rela\u00e7\u00f5es Internacionais da Confedera\u00e7\u00e3o Nacional dos Trabalhadores do Ramo Financeiro (Contraf-CUT), Rita Berlofa, disse que o movimento sindical n\u00e3o medir\u00e1 esfor\u00e7os para garantir o direito e a representa\u00e7\u00e3o sindical dos trabalhadores.<\/p>\n<p>\u201cO Santander \u00e9 um dos bancos mais lucrativos do Brasil, de onde ele tira\u00a0<a href=\"https:\/\/contrafcut.com.br\/noticias\/santander-contribui-com-crise-e-ainda-tem-lucros-elevados\" target=\"_blank\" rel=\"noopener noreferrer\">aproximadamente 28% de seu lucro mundial<\/a>. Mesmo assim, \u00e9 insens\u00edvel \u00e0 crise pela qual passa nosso pa\u00eds. N\u00e3o faz nada para tentar amenizar o problema e ainda cria outros, com a retirada de direitos e redu\u00e7\u00e3o de sal\u00e1rios de seus funcion\u00e1rios para conseguir obter ainda mais lucro\u201d, disse Rita. \u201cAl\u00e9m disso, tem pr\u00e1ticas antissindicais e \u00e9 pouco confi\u00e1vel na rela\u00e7\u00e3o com a representa\u00e7\u00e3o dos trabalhadores\u201d, completou.<\/p>\n<p>Para a coordenadora da COE, os trabalhadores precisam perceber que a luta contra a terceiriza\u00e7\u00e3o passa diretamente pelas elei\u00e7\u00f5es deste domingo (2). \u201cS\u00e3o os deputados e senadores eleitos que criam as leis, como a que permite a terceiriza\u00e7\u00e3o irrestrita nas empresas\u201d, afirmou Lucimara. \u201cPortanto, \u00e9 responsabilidade de cada um fazer boas escolhas nas urnas. O que for responsabilidade coletiva e dever do sindicato, n\u00f3s faremos. Por\u00e9m, mudar as leis e as regras do jogo depende do Congresso Nacional e do presidente a serem eleitos\u201d, acrescentou a dirigente.<\/p>\n<h3><strong>Clima de circo<\/strong><\/h3>\n<p>Em reuni\u00e3o realizada pela manh\u00e3, os representantes do banco apresentaram as novas condi\u00e7\u00f5es aos banc\u00e1rios de forma efusiva e sensacionalista, em uma tentativa de fazer os trabalhadores se posicionar favoravelmente e induzi-los a acreditar que as mudan\u00e7as ser\u00e3o ben\u00e9ficas.<\/p>\n<p>\u201cO tom da apresenta\u00e7\u00e3o da mudan\u00e7a foi vergonhoso, em uma tentativa de convencer os trabalhadores a acharem incr\u00edvel que, a partir de segunda-feira, perder\u00e3o os direitos e conquistas garantidos pela Conven\u00e7\u00e3o Coletiva de Trabalho de uma das categorias mais organizadas do pa\u00eds. Ou seja, perder direito no Santander virou festa, porque, com isso, o banco reduzir\u00e1 custos e aumentar\u00e1 seus lucros. Os trabalhadores que nos procuraram disseram que se sentem enganados e tra\u00eddos pelo banco\u201d, destacou Lucimara.<\/p>\n<p><strong>Fonte:\u00a0Contraf-CUT, com informa\u00e7\u00f5es do Seeb\/SP<\/strong><\/p>\n","protected":false},"excerpt":{"rendered":"<p>O Santander anunciou, nesta sexta-feira (30), por meio de um comunicado aos funcion\u00e1rios, que vai terceirizar toda a \u00e1rea de manufatura do banco. O movimento sindical estima que, em um primeiro momento, cerca de 1,7 mil trabalhadores, hoje lotados no Radar Santander, em sua maioria, e parte na Torre e no Conex\u00e3o, deixar\u00e3o de ser [&hellip;]<\/p>\n","protected":false},"author":2,"featured_media":13209,"comment_status":"","ping_status":"","sticky":false,"template":"","format":"standard","meta":{"footnotes":""},"categories":[3],"tags":[],"class_list":["post-13210","post","type-post","status-publish","format-standard","has-post-thumbnail","hentry","category-noticias"],"_links":{"self":[{"href":"https:\/\/hostnetart.com.br\/baixada\/wp-json\/wp\/v2\/posts\/13210","targetHints":{"allow":["GET"]}}],"collection":[{"href":"https:\/\/hostnetart.com.br\/baixada\/wp-json\/wp\/v2\/posts"}],"about":[{"href":"https:\/\/hostnetart.com.br\/baixada\/wp-json\/wp\/v2\/types\/post"}],"author":[{"embeddable":true,"href":"https:\/\/hostnetart.com.br\/baixada\/wp-json\/wp\/v2\/users\/2"}],"replies":[{"embeddable":true,"href":"https:\/\/hostnetart.com.br\/baixada\/wp-json\/wp\/v2\/comments?post=13210"}],"version-history":[{"count":0,"href":"https:\/\/hostnetart.com.br\/baixada\/wp-json\/wp\/v2\/posts\/13210\/revisions"}],"wp:featuredmedia":[{"embeddable":true,"href":"https:\/\/hostnetart.com.br\/baixada\/wp-json\/wp\/v2\/media\/13209"}],"wp:attachment":[{"href":"https:\/\/hostnetart.com.br\/baixada\/wp-json\/wp\/v2\/media?parent=13210"}],"wp:term":[{"taxonomy":"category","embeddable":true,"href":"https:\/\/hostnetart.com.br\/baixada\/wp-json\/wp\/v2\/categories?post=13210"},{"taxonomy":"post_tag","embeddable":true,"href":"https:\/\/hostnetart.com.br\/baixada\/wp-json\/wp\/v2\/tags?post=13210"}],"curies":[{"name":"wp","href":"https:\/\/api.w.org\/{rel}","templated":true}]}}