{"id":13208,"date":"2022-09-30T20:55:56","date_gmt":"2022-09-30T23:55:56","guid":{"rendered":"https:\/\/hostnetart.com.br\/baixada\/sindicatos-cobram-que-mercantil-do-brasil-valorize-a-vida-de-clientes-e-funcionarios\/"},"modified":"2022-09-30T20:55:56","modified_gmt":"2022-09-30T23:55:56","slug":"sindicatos-cobram-que-mercantil-do-brasil-valorize-a-vida-de-clientes-e-funcionarios","status":"publish","type":"post","link":"https:\/\/hostnetart.com.br\/baixada\/sindicatos-cobram-que-mercantil-do-brasil-valorize-a-vida-de-clientes-e-funcionarios\/","title":{"rendered":"Sindicatos cobram que Mercantil do Brasil valorize a vida de clientes e funcion\u00e1rios"},"content":{"rendered":"<p>A Comiss\u00e3o de Organiza\u00e7\u00e3o dos Empregados (COE) do Banco Mercantil do Brasil (BMB) e o coordenador do Coletivo de Seguran\u00e7a Banc\u00e1ria da Confedera\u00e7\u00e3o Nacional dos Trabalhadores do Ramo Financeiro (Contraf-CUT), Elias Jord\u00e3o, se reuniram, nesta quinta-feira (29), com a dire\u00e7\u00e3o do banco para tratar sobre a desativa\u00e7\u00e3o das portas girat\u00f3rias com detector de metais e a substitui\u00e7\u00e3o dos vigilantes armados por controladores de acesso, como parte do processo de reestrutura\u00e7\u00e3o dos postos de atendimento (PAs) implementado pelo banco.<\/p>\n<p>A representa\u00e7\u00e3o dos trabalhadores exige que o Mercantil do Brasil garanta a integridade f\u00edsica de seus funcion\u00e1rios e clientes, com a manuten\u00e7\u00e3o de todos os itens de seguran\u00e7a necess\u00e1rios e cobra a suspens\u00e3o do processo, com o retorno da vigil\u00e2ncia armada e a manuten\u00e7\u00e3o das portas girat\u00f3rias at\u00e9 que o assunto seja amplamente debatido junto ao Grupo de Trabalho da Federa\u00e7\u00e3o Nacional dos Bancos (Fenaban), conforme definido no artigo 88 da\u00a0<a href=\"https:\/\/contrafcut.com.br\/wp-content\/uploads\/2022\/09\/cct-2022-2024.pdf\" target=\"_blank\" rel=\"noopener noreferrer\">Conven\u00e7\u00e3o Coletiva de Trabalho (CCT)<\/a>\u00a0da categoria, ap\u00f3s negocia\u00e7\u00f5es realizadas na Campanha Nacional dos Banc\u00e1rios 2022.<\/p>\n<p>\u201cPelo p\u00fablico que atende, aposentados e pensionistas do INSS que, em sua maioria sacam seu benef\u00edcio e transportam o dinheiro em esp\u00e9cie, ficando \u00e0 merc\u00ea de golpistas e pessoas mal intencionadas, o Mercantil tem a obriga\u00e7\u00e3o de manter os vigilantes armados e as portas girat\u00f3rias com detec\u00e7\u00e3o de metais em todas as suas unidades de atendimento\u201d, disse o coordenador da COE do BMB, Marco Aur\u00e9lio Alves. \u201cA reestrutura\u00e7\u00e3o dos novos PAs, com a desativa\u00e7\u00e3o das portas girat\u00f3rias e a contrata\u00e7\u00e3o de controladores de acesso, que no nosso entendimento s\u00e3o despreparados para a fun\u00e7\u00e3o de seguran\u00e7a banc\u00e1ria, \u00e9 um tipo de economia que s\u00f3 visa aumentar os j\u00e1 absurdos ganhos dos banqueiros. O banco precisa dar mais valor \u00e0 vida das pessoas do que ao lucro\u201d, completou.<\/p>\n<p>Para Elias Jord\u00e3o, o importante \u00e9 manter a mobiliza\u00e7\u00e3o dos sindicatos nos locais em que o Mercantil do Brasil est\u00e1 promovendo tais mudan\u00e7as, com o monitoramento das leis municipais e estaduais regulamentadoras sobre seguran\u00e7a banc\u00e1ria nas respectivas bases locais, e continuar pressionando o banco a rever seu posicionamento.<\/p>\n<p>Segundo o coordenador do coletivo de Seguran\u00e7a Banc\u00e1ria da Contraf-CUT, o assunto ser\u00e1 levado para debate no GT junto \u00e0 Fenaban. \u201cEsperamos avan\u00e7os em mesa de negocia\u00e7\u00e3o ou insistiremos em audi\u00eancias p\u00fablicas que criem leis municipais e estaduais que garantam a seguran\u00e7a dos funcion\u00e1rios e clientes dos bancos. Continuaremos cobrando para que a seguran\u00e7a banc\u00e1ria n\u00e3o seja tratada apenas como custo pelo Mercantil do Brasil, e sim como medida que preserva a vida de trabalhadores e clientes\u201d, concluiu.<\/p>\n<p>Em mesa, o Mercantil do Brasil garantiu que ir\u00e1 cumprir o acordo conquistado junto \u00e0 Secretaria Regional do Trabalho de Minas Gerais, com o compromisso de manuten\u00e7\u00e3o de um vigilante armado e a porta girat\u00f3ria nos PAs do estado e que tamb\u00e9m ir\u00e1 seguir as legisla\u00e7\u00f5es vigentes em cada base territorial sobre a obrigatoriedade dos itens de seguran\u00e7a para o funcionamento das unidades banc\u00e1rias.<\/p>\n<p><strong>Fonte: Contraf-CUT<\/strong><\/p>\n","protected":false},"excerpt":{"rendered":"<p>A Comiss\u00e3o de Organiza\u00e7\u00e3o dos Empregados (COE) do Banco Mercantil do Brasil (BMB) e o coordenador do Coletivo de Seguran\u00e7a Banc\u00e1ria da Confedera\u00e7\u00e3o Nacional dos Trabalhadores do Ramo Financeiro (Contraf-CUT), Elias Jord\u00e3o, se reuniram, nesta quinta-feira (29), com a dire\u00e7\u00e3o do banco para tratar sobre a desativa\u00e7\u00e3o das portas girat\u00f3rias com detector de metais e [&hellip;]<\/p>\n","protected":false},"author":2,"featured_media":13207,"comment_status":"","ping_status":"","sticky":false,"template":"","format":"standard","meta":{"footnotes":""},"categories":[3],"tags":[],"class_list":["post-13208","post","type-post","status-publish","format-standard","has-post-thumbnail","hentry","category-noticias"],"_links":{"self":[{"href":"https:\/\/hostnetart.com.br\/baixada\/wp-json\/wp\/v2\/posts\/13208","targetHints":{"allow":["GET"]}}],"collection":[{"href":"https:\/\/hostnetart.com.br\/baixada\/wp-json\/wp\/v2\/posts"}],"about":[{"href":"https:\/\/hostnetart.com.br\/baixada\/wp-json\/wp\/v2\/types\/post"}],"author":[{"embeddable":true,"href":"https:\/\/hostnetart.com.br\/baixada\/wp-json\/wp\/v2\/users\/2"}],"replies":[{"embeddable":true,"href":"https:\/\/hostnetart.com.br\/baixada\/wp-json\/wp\/v2\/comments?post=13208"}],"version-history":[{"count":0,"href":"https:\/\/hostnetart.com.br\/baixada\/wp-json\/wp\/v2\/posts\/13208\/revisions"}],"wp:featuredmedia":[{"embeddable":true,"href":"https:\/\/hostnetart.com.br\/baixada\/wp-json\/wp\/v2\/media\/13207"}],"wp:attachment":[{"href":"https:\/\/hostnetart.com.br\/baixada\/wp-json\/wp\/v2\/media?parent=13208"}],"wp:term":[{"taxonomy":"category","embeddable":true,"href":"https:\/\/hostnetart.com.br\/baixada\/wp-json\/wp\/v2\/categories?post=13208"},{"taxonomy":"post_tag","embeddable":true,"href":"https:\/\/hostnetart.com.br\/baixada\/wp-json\/wp\/v2\/tags?post=13208"}],"curies":[{"name":"wp","href":"https:\/\/api.w.org\/{rel}","templated":true}]}}