{"id":13206,"date":"2022-09-30T04:28:15","date_gmt":"2022-09-30T07:28:15","guid":{"rendered":"https:\/\/hostnetart.com.br\/baixada\/eleicoes-2022-saiba-o-que-pode-e-o-que-nao-pode-no-dia-da-votacao\/"},"modified":"2022-09-30T04:28:15","modified_gmt":"2022-09-30T07:28:15","slug":"eleicoes-2022-saiba-o-que-pode-e-o-que-nao-pode-no-dia-da-votacao","status":"publish","type":"post","link":"https:\/\/hostnetart.com.br\/baixada\/eleicoes-2022-saiba-o-que-pode-e-o-que-nao-pode-no-dia-da-votacao\/","title":{"rendered":"Elei\u00e7\u00f5es 2022: saiba o que pode e o que n\u00e3o pode no dia da vota\u00e7\u00e3o"},"content":{"rendered":"<p>No dia das elei\u00e7\u00f5es, os eleitores precisam estar atentos \u00e0s diversas regras relacionadas \u00e0 vota\u00e7\u00e3o\u00a0estipuladas pelo\u00a0<a href=\"https:\/\/www.tse.jus.br\/comunicacao\/noticias\/2022\/Agosto\/faltam-50-dias-saiba-o-que-voce-pode-e-o-que-nao-pode-fazer-ao-ir-votar-em-outubro\" target=\"_blank\" rel=\"noopener noreferrer\">Tribunal Superior Eleitoral (TSE)<\/a>.<\/p>\n<p>No dia 2 de outubro\u00a0n\u00e3o \u00e9 mais permitido realizar carreatas, passeatas, motociatas, panfletagem e com\u00edcio. Essas atividades devem ser finalizadas at\u00e9 \u00e0s 22 horas do s\u00e1bado, dia 1\u00ba de outubro.<\/p>\n<p>A manifesta\u00e7\u00e3o coletiva e aglomera\u00e7\u00e3o de pessoas que estejam utilizando roupas padronizadas\u00a0tamb\u00e9m s\u00e3o proibidas, mas voltam a ser liberadas \u00e0s 17h de domingo.<\/p>\n<p>As pessoas que forem identificadas praticando boca de urna est\u00e3o sujeitas \u00e0 pena de deten\u00e7\u00e3o de at\u00e9 um ano, podendo tamb\u00e9m prestar servi\u00e7os \u00e0 comunidade e pagar multa no valor de at\u00e9 R$15 mil.<\/p>\n<p>No entanto, a manifesta\u00e7\u00e3o individual e silenciosa, como\u00a0o uso de camisetas, bandeiras, bon\u00e9s, broches e adesivos, \u00e9 permitida.<\/p>\n<p>Vale lembrar que se a sua vestimenta individual foi dada por algum candidato,\u00a0<a href=\"https:\/\/www.brasildefato.com.br\/2022\/09\/20\/voce-sabe-o-que-configura-compra-de-votos\" target=\"_blank\" rel=\"noopener noreferrer\">isso configura compra de voto<\/a>, o que, segundo a legisla\u00e7\u00e3o eleitoral, \u00e9 crime.<\/p>\n<p>O celular pode at\u00e9 ser levado para a sua se\u00e7\u00e3o eleitoral, mas na hora de entrar na cabine deve ser deixado\u00a0sob os cuidados dos mes\u00e1rios. Se o eleitor insistir em levar o celular para a cabine, ser\u00e1 impedido de votar.<\/p>\n<p>Portanto, lembre-se de levar consigo uma colinha com o n\u00famero dos seus candidatos, pois n\u00e3o poder\u00e1 realizar a consulta no celular na hora da vota\u00e7\u00e3o.<\/p>\n<p>O porte de armas de fogo\u00a0<a href=\"https:\/\/www12.senado.leg.br\/noticias\/materias\/2022\/08\/31\/tse-proibe-porte-de-armas-nos-locais-de-votacao\" target=\"_blank\" rel=\"noopener noreferrer\">est\u00e1 proibido em at\u00e9 100 metros dos locais de vota\u00e7\u00e3o<\/a>.\u00a0A proibi\u00e7\u00e3o, que entra em vigor 48 horas antes do pleito e vai at\u00e9 24 horas ap\u00f3s o t\u00e9rmino da vota\u00e7\u00e3o, vale tanto para civis que possuem o porte de arma\u00a0quanto para integrantes das for\u00e7as de seguran\u00e7a que n\u00e3o estejam de servi\u00e7o no dia da elei\u00e7\u00e3o. Aqueles que descumprirem a regra poder\u00e3o ser presos em flagrante por crime de porte ilegal de arma de fogo.\u00a0<\/p>\n<p>Crian\u00e7as de colo s\u00e3o aceitas na cabine de vota\u00e7\u00e3o. J\u00e1\u00a0recomenda\u00e7\u00e3o do TSE para as crian\u00e7as maiores \u00e9 que aguardem do lado de fora da cabine.\u00a0Se a crian\u00e7a tiver\u00a0algum tipo de defici\u00eancia, o eleitor\u00a0deve\u00a0se identificar aos mes\u00e1rios para entrar na\u00a0fila\u00a0priorit\u00e1ria.\u00a0<\/p>\n<p>\u00c9 importante ressaltar que as pessoas que estar\u00e3o trabalhando como mes\u00e1rias nas elei\u00e7\u00f5es n\u00e3o podem usar roupas e objetos que fa\u00e7am propaganda de candidaturas. Os fiscais partid\u00e1rios somente poder\u00e3o usar crach\u00e1 contendo o seu nome e a sigla da sua legenda.<\/p>\n<p><strong>Fonte: Brasil de Fato<\/strong><\/p>\n","protected":false},"excerpt":{"rendered":"<p>No dia das elei\u00e7\u00f5es, os eleitores precisam estar atentos \u00e0s diversas regras relacionadas \u00e0 vota\u00e7\u00e3o\u00a0estipuladas pelo\u00a0Tribunal Superior Eleitoral (TSE). No dia 2 de outubro\u00a0n\u00e3o \u00e9 mais permitido realizar carreatas, passeatas, motociatas, panfletagem e com\u00edcio. Essas atividades devem ser finalizadas at\u00e9 \u00e0s 22 horas do s\u00e1bado, dia 1\u00ba de outubro. A manifesta\u00e7\u00e3o coletiva e aglomera\u00e7\u00e3o de [&hellip;]<\/p>\n","protected":false},"author":2,"featured_media":13205,"comment_status":"","ping_status":"","sticky":false,"template":"","format":"standard","meta":{"footnotes":""},"categories":[3],"tags":[],"class_list":["post-13206","post","type-post","status-publish","format-standard","has-post-thumbnail","hentry","category-noticias"],"_links":{"self":[{"href":"https:\/\/hostnetart.com.br\/baixada\/wp-json\/wp\/v2\/posts\/13206","targetHints":{"allow":["GET"]}}],"collection":[{"href":"https:\/\/hostnetart.com.br\/baixada\/wp-json\/wp\/v2\/posts"}],"about":[{"href":"https:\/\/hostnetart.com.br\/baixada\/wp-json\/wp\/v2\/types\/post"}],"author":[{"embeddable":true,"href":"https:\/\/hostnetart.com.br\/baixada\/wp-json\/wp\/v2\/users\/2"}],"replies":[{"embeddable":true,"href":"https:\/\/hostnetart.com.br\/baixada\/wp-json\/wp\/v2\/comments?post=13206"}],"version-history":[{"count":0,"href":"https:\/\/hostnetart.com.br\/baixada\/wp-json\/wp\/v2\/posts\/13206\/revisions"}],"wp:featuredmedia":[{"embeddable":true,"href":"https:\/\/hostnetart.com.br\/baixada\/wp-json\/wp\/v2\/media\/13205"}],"wp:attachment":[{"href":"https:\/\/hostnetart.com.br\/baixada\/wp-json\/wp\/v2\/media?parent=13206"}],"wp:term":[{"taxonomy":"category","embeddable":true,"href":"https:\/\/hostnetart.com.br\/baixada\/wp-json\/wp\/v2\/categories?post=13206"},{"taxonomy":"post_tag","embeddable":true,"href":"https:\/\/hostnetart.com.br\/baixada\/wp-json\/wp\/v2\/tags?post=13206"}],"curies":[{"name":"wp","href":"https:\/\/api.w.org\/{rel}","templated":true}]}}