{"id":13204,"date":"2022-09-30T04:25:56","date_gmt":"2022-09-30T07:25:56","guid":{"rendered":"https:\/\/hostnetart.com.br\/baixada\/mpt-pede-que-ex-presidente-da-caixa-pague-indenizacao-de-r-30-5-milhoes\/"},"modified":"2022-09-30T04:25:56","modified_gmt":"2022-09-30T07:25:56","slug":"mpt-pede-que-ex-presidente-da-caixa-pague-indenizacao-de-r-30-5-milhoes","status":"publish","type":"post","link":"https:\/\/hostnetart.com.br\/baixada\/mpt-pede-que-ex-presidente-da-caixa-pague-indenizacao-de-r-30-5-milhoes\/","title":{"rendered":"MPT pede que ex-presidente da Caixa pague indeniza\u00e7\u00e3o de R$ 30,5 milh\u00f5es"},"content":{"rendered":"<p>O Minist\u00e9rio P\u00fablico do Trabalho (MPT) entrou, nesta quinta-feira (29), com\u00a0<a href=\"https:\/\/g1.globo.com\/politica\/noticia\/2022\/09\/29\/ministerio-publico-do-trabalho-pede-que-ex-presidente-da-caixa-pague-r-305-milhoes-por-assedio-a-funcionarias.ghtml\" target=\"_blank\" rel=\"noopener noreferrer\">a\u00e7\u00e3o contra o ex-presidente da Caixa Econ\u00f4mica Federal<\/a>, Pedro Guimar\u00e3es, e pede que a Justi\u00e7a o condene ao pagamento de R$ 30,5 milh\u00f5es pelos danos causados \u00e0s mulheres que o acusam de ass\u00e9dio moral e sexual. Os recursos devem ser revertidos a um fundo de prote\u00e7\u00e3o dos direitos dos trabalhadores.<\/p>\n<p>\u201cInfelizmente vemos, mais uma vez, a Caixa se calar diante das acusa\u00e7\u00f5es contra seu ex-presidente e um \u00f3rg\u00e3o externo ter que tomar as provid\u00eancias\u201d, lamentou o dirigente da Confedera\u00e7\u00e3o nacional dos Trabalhadores do Ramo Financeiro (Contraf-CUT), Rafael de Castro. \u201cA nova presidenta do banco (Daniella Marques), que afirmou ao tomar posse, que faria uma investiga\u00e7\u00e3o \u2018r\u00e1pida, eficiente e transparente\u2019,\u00a0<a href=\"https:\/\/contrafcut.com.br\/noticias\/denuncias-de-assedio-sexual-na-caixa-seguem-sem-solucao\" target=\"_blank\" rel=\"noopener noreferrer\">se cala diante das acusa\u00e7\u00f5es<\/a>, mesmo ap\u00f3s quase 100 dias do esc\u00e2ndalo que derrubou o ex-presidente\u201d, completou.<\/p>\n<p>O MPT tamb\u00e9m pediu a condena\u00e7\u00e3o da Caixa Econ\u00f4mica Federal em R$ 305 milh\u00f5es pela omiss\u00e3o na investiga\u00e7\u00e3o e justificou o pedido ao observar que a primeira den\u00fancia de ass\u00e9dio sexual contra Pedro Guimar\u00e3es ocorreu em julho de 2019, apenas seis meses ap\u00f3s o mesmo assumir a presid\u00eancia do banco, nas o banco n\u00e3o tomou nenhuma provid\u00eancia para investigar a den\u00fancia. Os procuradores tamb\u00e9m pedem que a Justi\u00e7a impe\u00e7a retalia\u00e7\u00f5es por parte do banco a quem utilizou o canal de den\u00fancias interno ou que tenha participado como testemunha da investiga\u00e7\u00e3o.<\/p>\n<p>Al\u00e9m de Pedro Guimar\u00e3es e do banco, os procuradores tamb\u00e9m pedem a condena\u00e7\u00e3o dos integrantes do Conselho de Administra\u00e7\u00e3o da Caixa, que n\u00e3o cumpriram seu papel de fiscaliza\u00e7\u00e3o dos atos da presid\u00eancia. Cada um deve indeniza\u00e7\u00e3o R$ 3 milh\u00f5es.<\/p>\n<p>Para a representante dos empregados no Conselho de Administra\u00e7\u00e3o, Rita Serrano, a decis\u00e3o do MPT vem de encontro \u00e0s cobran\u00e7as que ela vinha fazendo dentro do Conselho de Administra\u00e7\u00e3o, de agilidade no processo de investiga\u00e7\u00e3o, puni\u00e7\u00e3o aos envolvidos e prote\u00e7\u00e3o \u00e0s v\u00edtimas.<\/p>\n<p>\u201cCom rela\u00e7\u00e3o a responsabilidade que o MPT prop\u00f5e aos membros do Conselho, \u00e9 importante destacar que sou a \u00fanica representante eleita pelos empregados e a \u00fanica voz destoante na maioria das vezes no colegiado, inclusive sofri na gest\u00e3o do ex-presidente, tentativa de intimida\u00e7\u00e3o ao meu mandato, atrav\u00e9s de processos internos abertos. Todas as minhas posi\u00e7\u00f5es e questionamentos sobre a piora das condi\u00e7\u00f5es de trabalho dos empregados, problemas nos \u00f3rg\u00e3os de governan\u00e7a e denuncias dos casos de ass\u00e9dio sexual, est\u00e3o registradas em atas das reuni\u00f5es do CA e em comunicados p\u00fablicos\u201d, disse. \u201cVamos seguir em frente, sem medo, exigindo puni\u00e7\u00e3o a todos os respons\u00e1veis\u201d, completou.<\/p>\n<h3>Queridinho do governo<\/h3>\n<p>Rafael de Castro lembra ainda que Pedro Guimar\u00e3es tinha grande influ\u00eancia junto \u00e0 Presid\u00eancia da Rep\u00fablica. \u201cMuitos tinham medo de fazer algo, pois Pedro Guimar\u00e3es era queridinho de Bolsonaro, chegando a ser\u00a0<a href=\"https:\/\/veja.abril.com.br\/coluna\/radar\/bolsonaro-prepara-pedro-guimaraes-para-entrar-na-politica\/\" target=\"_blank\" rel=\"noopener noreferrer\">cogitado para compor a chapa como vice-presidente<\/a>\u00a0da Rep\u00fablica nestas elei\u00e7\u00f5es\u201d, ressaltou. \u201cPedro Guimar\u00e3es \u00e9 t\u00e3o pr\u00f3ximo ao atual mandat\u00e1rio da Presid\u00eancia da Rep\u00fablica que parece haver uma\u00a0<a href=\"https:\/\/esquerdaonline.com.br\/2022\/06\/30\/misoginia-a-amizade-de-bolsonaro-com-o-ex-presidente-da-caixa\/\" target=\"_blank\" rel=\"noopener noreferrer\">simbiose com rela\u00e7\u00e3o ao tratamento dado \u00e0s mulheres<\/a>\u201d, completou.<\/p>\n<h3><strong>Ass\u00e9dio sexual \u00e9 crime!<\/strong><\/h3>\n<p>O presidente da Fenae, Sergio Takemoto, lembra que, no Brasil, o\u00a0<a href=\"https:\/\/www.tst.jus.br\/assedio-sexual\" target=\"_blank\" rel=\"noopener noreferrer\">ass\u00e9dio sexual \u00e9 crime<\/a>, definido no artigo 216-A do C\u00f3digo Penal, que prev\u00ea a pena de deten\u00e7\u00e3o de um a dois anos.<\/p>\n<p>\u201cSe apurada e comprovada a culpa, n\u00e3o se pode \u2018passar a m\u00e3o na cabe\u00e7a\u2019 somente porque trata-se de um ex-presidente do banco. Se \u00e9 culpado, deve responder na Justi\u00e7a comum pelo que fez, uma vez que o ass\u00e9dio sexual \u00e9 um crime com pena prevista no C\u00f3digo Penal\u201d, disse o presidente da Fenae. \u201cAl\u00e9m disso, a legisla\u00e7\u00e3o trabalhista tamb\u00e9m prev\u00ea indeniza\u00e7\u00e3o para repara\u00e7\u00e3o do dano causado \u00e0s v\u00edtimas\u201d, completou.<\/p>\n<h3><strong>Entenda o caso<\/strong><\/h3>\n<p>Pedro Guimar\u00e3es foi acusado de ass\u00e9dio sexual por v\u00e1rias empregadas da Caixa. A informa\u00e7\u00e3o foi divulgada no dia 28 de junho de 2022 pelo\u00a0<a href=\"https:\/\/www.metropoles.com\/colunas\/rodrigo-rangel\/exclusivo-funcionarias-denunciam-presidente-da-caixa-por-assedio-sexual\" target=\"_blank\" rel=\"noopener noreferrer\">site Metr\u00f3poles<\/a>. Em poucos minutos a not\u00edcia ganhou repercuss\u00e3o nacional, em especial na C\u00e2mara dos Deputados, onde v\u00e1rios parlamentares pediram em plen\u00e1rio a demiss\u00e3o do executivo.<\/p>\n<p>Segundo a reportagem, no fim de 2021, um grupo de empregadas, ligadas ao gabinete da presid\u00eancia da Caixa, rompeu o sil\u00eancio com uma den\u00fancia, ao Minist\u00e9rio P\u00fablico Federal (MPF), de ass\u00e9dios sexuais que vinham sofrendo. Desde ent\u00e3o, o MPF toca as investiga\u00e7\u00f5es em sigilo. Cinco das v\u00edtimas falaram \u00e0 reportagem citada sob anonimato.<\/p>\n<p>Nos testemunhos, elas contam que foram abusadas com toques em partes \u00edntimas sem consentimento, falas e abordagens inconvenientes e convites desrespeitosos, por parte do ent\u00e3o presidente da entidade. A maior parte dos relatos est\u00e1 ligada a atividades do programa Caixa Mais Brasil, realizadas em todo o pa\u00eds. Pelo programa, desde 2019, j\u00e1 ocorreram mais de 140 viagens, em que estavam Pedro Guimar\u00e3es e equipe. Nesses eventos profissionais, todos ficavam no mesmo hotel, onde ocorriam os ass\u00e9dios.<\/p>\n<p>No dia 29 de junho, Pedro Guimar\u00e3es entregou ao presidente da Rep\u00fablica, Jair Bolsonaro, seu\u00a0<a href=\"https:\/\/contrafcut.com.br\/noticias\/acusado-de-assedio-sexual-pedro-guimaraes-pede-demissao\" target=\"_blank\" rel=\"noopener noreferrer\">pedido de demiss\u00e3o<\/a>\u00a0da presid\u00eancia da Caixa.<\/p>\n<p><em>Mat\u00e9ria em edi\u00e7\u00e3o, acompanhe as atualiza\u00e7\u00f5es.<\/em><\/p>\n<p><strong>Fonte: Contraf-CUT<\/strong><\/p>\n","protected":false},"excerpt":{"rendered":"<p>O Minist\u00e9rio P\u00fablico do Trabalho (MPT) entrou, nesta quinta-feira (29), com\u00a0a\u00e7\u00e3o contra o ex-presidente da Caixa Econ\u00f4mica Federal, Pedro Guimar\u00e3es, e pede que a Justi\u00e7a o condene ao pagamento de R$ 30,5 milh\u00f5es pelos danos causados \u00e0s mulheres que o acusam de ass\u00e9dio moral e sexual. Os recursos devem ser revertidos a um fundo de [&hellip;]<\/p>\n","protected":false},"author":2,"featured_media":13203,"comment_status":"","ping_status":"","sticky":false,"template":"","format":"standard","meta":{"footnotes":""},"categories":[3],"tags":[],"class_list":["post-13204","post","type-post","status-publish","format-standard","has-post-thumbnail","hentry","category-noticias"],"_links":{"self":[{"href":"https:\/\/hostnetart.com.br\/baixada\/wp-json\/wp\/v2\/posts\/13204","targetHints":{"allow":["GET"]}}],"collection":[{"href":"https:\/\/hostnetart.com.br\/baixada\/wp-json\/wp\/v2\/posts"}],"about":[{"href":"https:\/\/hostnetart.com.br\/baixada\/wp-json\/wp\/v2\/types\/post"}],"author":[{"embeddable":true,"href":"https:\/\/hostnetart.com.br\/baixada\/wp-json\/wp\/v2\/users\/2"}],"replies":[{"embeddable":true,"href":"https:\/\/hostnetart.com.br\/baixada\/wp-json\/wp\/v2\/comments?post=13204"}],"version-history":[{"count":0,"href":"https:\/\/hostnetart.com.br\/baixada\/wp-json\/wp\/v2\/posts\/13204\/revisions"}],"wp:featuredmedia":[{"embeddable":true,"href":"https:\/\/hostnetart.com.br\/baixada\/wp-json\/wp\/v2\/media\/13203"}],"wp:attachment":[{"href":"https:\/\/hostnetart.com.br\/baixada\/wp-json\/wp\/v2\/media?parent=13204"}],"wp:term":[{"taxonomy":"category","embeddable":true,"href":"https:\/\/hostnetart.com.br\/baixada\/wp-json\/wp\/v2\/categories?post=13204"},{"taxonomy":"post_tag","embeddable":true,"href":"https:\/\/hostnetart.com.br\/baixada\/wp-json\/wp\/v2\/tags?post=13204"}],"curies":[{"name":"wp","href":"https:\/\/api.w.org\/{rel}","templated":true}]}}