{"id":13188,"date":"2022-09-27T19:16:16","date_gmt":"2022-09-27T22:16:16","guid":{"rendered":"https:\/\/hostnetart.com.br\/baixada\/funcionaria-do-bradesco-e-reintegrada-pelo-sindicato-dos-bancarios-da-baixada-fluminense\/"},"modified":"2022-09-27T19:16:16","modified_gmt":"2022-09-27T22:16:16","slug":"funcionaria-do-bradesco-e-reintegrada-pelo-sindicato-dos-bancarios-da-baixada-fluminense","status":"publish","type":"post","link":"https:\/\/hostnetart.com.br\/baixada\/funcionaria-do-bradesco-e-reintegrada-pelo-sindicato-dos-bancarios-da-baixada-fluminense\/","title":{"rendered":"Funcion\u00e1ria do Bradesco \u00e9 reintegrada pelo Sindicato dos Banc\u00e1rios da Baixada Fluminense"},"content":{"rendered":"<p>Mais uma funcion\u00e1ria do Banco Bradesco foi reintegrada pelo Sindicato dos Banc\u00e1rios da Baixada Fluminense. A reintegra\u00e7\u00e3o ocorreu nesta ter\u00e7a-feira, 27 de setembro, na ag\u00eancia 0406, no Centro de Nova Igua\u00e7u.<\/p>\n<p>A banc\u00e1ria Sandra Regina Souza da Silva, no momento de sua demiss\u00e3o,\u00a0estava\u00a0acometida com doen\u00e7a ocupacional.\u00a0Ap\u00f3s per\u00edcia judicial, foi comprovado o nexo causal entre o trabalho e a doen\u00e7a.<\/p>\n<p>Al\u00e9m disso, sua demiss\u00e3o ocorreu em plena pandemia do novo coronav\u00edrus, contrariando o\u00a0compromisso de n\u00e3o demiss\u00e3o que os grandes bancos assumiram.\u00a0<\/p>\n<p>Renata Soeiro e Pedro Batista, diretores do Sindicato, acompanharam a reintegra\u00e7\u00e3o.<\/p>\n<p><span style=\"text-decoration: underline;\">IMPORTANTE<\/span><\/p>\n<p>Sandra \u00e9 sindicalizada e, logo ap\u00f3s seu desligamento, procurou atendimento no Sindicato dos Banc\u00e1rios da Baixada Fluminense, onde foi prontamente atendida pelos Departamentos Jur\u00eddico e de Sa\u00fade.<\/p>\n<p>\u00c9 fundamental que banc\u00e1rias e banc\u00e1rios, logo que sejam informados de suas demiss\u00f5es, procurem imediatamente atendimento no Sindicato.<\/p>\n<p><strong>SINDICALIZE-SE<\/strong><\/p>\n","protected":false},"excerpt":{"rendered":"<p>Mais uma funcion\u00e1ria do Banco Bradesco foi reintegrada pelo Sindicato dos Banc\u00e1rios da Baixada Fluminense. A reintegra\u00e7\u00e3o ocorreu nesta ter\u00e7a-feira, 27 de setembro, na ag\u00eancia 0406, no Centro de Nova Igua\u00e7u. A banc\u00e1ria Sandra Regina Souza da Silva, no momento de sua demiss\u00e3o,\u00a0estava\u00a0acometida com doen\u00e7a ocupacional.\u00a0Ap\u00f3s per\u00edcia judicial, foi comprovado o nexo causal entre o [&hellip;]<\/p>\n","protected":false},"author":2,"featured_media":13187,"comment_status":"","ping_status":"","sticky":false,"template":"","format":"standard","meta":{"footnotes":""},"categories":[3],"tags":[],"class_list":["post-13188","post","type-post","status-publish","format-standard","has-post-thumbnail","hentry","category-noticias"],"_links":{"self":[{"href":"https:\/\/hostnetart.com.br\/baixada\/wp-json\/wp\/v2\/posts\/13188","targetHints":{"allow":["GET"]}}],"collection":[{"href":"https:\/\/hostnetart.com.br\/baixada\/wp-json\/wp\/v2\/posts"}],"about":[{"href":"https:\/\/hostnetart.com.br\/baixada\/wp-json\/wp\/v2\/types\/post"}],"author":[{"embeddable":true,"href":"https:\/\/hostnetart.com.br\/baixada\/wp-json\/wp\/v2\/users\/2"}],"replies":[{"embeddable":true,"href":"https:\/\/hostnetart.com.br\/baixada\/wp-json\/wp\/v2\/comments?post=13188"}],"version-history":[{"count":0,"href":"https:\/\/hostnetart.com.br\/baixada\/wp-json\/wp\/v2\/posts\/13188\/revisions"}],"wp:featuredmedia":[{"embeddable":true,"href":"https:\/\/hostnetart.com.br\/baixada\/wp-json\/wp\/v2\/media\/13187"}],"wp:attachment":[{"href":"https:\/\/hostnetart.com.br\/baixada\/wp-json\/wp\/v2\/media?parent=13188"}],"wp:term":[{"taxonomy":"category","embeddable":true,"href":"https:\/\/hostnetart.com.br\/baixada\/wp-json\/wp\/v2\/categories?post=13188"},{"taxonomy":"post_tag","embeddable":true,"href":"https:\/\/hostnetart.com.br\/baixada\/wp-json\/wp\/v2\/tags?post=13188"}],"curies":[{"name":"wp","href":"https:\/\/api.w.org\/{rel}","templated":true}]}}