{"id":13186,"date":"2022-09-27T19:05:30","date_gmt":"2022-09-27T22:05:30","guid":{"rendered":"https:\/\/hostnetart.com.br\/baixada\/acordo-que-garante-direitos-e-assinado-com-o-santander\/"},"modified":"2022-09-27T19:05:30","modified_gmt":"2022-09-27T22:05:30","slug":"acordo-que-garante-direitos-e-assinado-com-o-santander","status":"publish","type":"post","link":"https:\/\/hostnetart.com.br\/baixada\/acordo-que-garante-direitos-e-assinado-com-o-santander\/","title":{"rendered":"Acordo que garante direitos \u00e9 assinado com o Santander"},"content":{"rendered":"<div class=\"elementor-element elementor-element-194680ec elementor-widget elementor-widget-theme-post-content\" data-id=\"194680ec\" data-element_type=\"widget\" data-widget_type=\"theme-post-content.default\">\n<div class=\"elementor-widget-container\">\n<p>Os representantes dos trabalhadores e do Santander assinaram, nesta ter\u00e7a-feira (27), o Acordo Coletivo de Trabalho (ACT) espec\u00edfico dos empregados do banco \u2013 aditivo \u00e0 Conven\u00e7\u00e3o Coletiva de Trabalho (CCT) da categoria banc\u00e1ria. O acordo tem vig\u00eancia at\u00e9 31 de agosto de 2024. Tamb\u00e9m foram assinados o ACT do Programa de Participa\u00e7\u00e3o nos Resultados Santander (PPRS) e o Termo de Rela\u00e7\u00f5es Laborais.<\/p>\n<p>\u201cEsta \u00e9 a celebra\u00e7\u00e3o de um longo processo de debate, que resultou na constru\u00e7\u00e3o deste instrumento. Representa tamb\u00e9m a maturidade das partes para construir consensos\u201d, disse a coordenadora da Comiss\u00e3o de Organiza\u00e7\u00e3o dos Empregados (COE) do Santander, Lucimara Malaquias. \u201c\u00c9 importante que os trabalhadores se apropriem e fa\u00e7am uso desse acordo, que traz importantes avan\u00e7os\u201d, completou.<\/p>\n<p><span style=\"text-decoration: underline;\">Principais conquistas do acordo<\/span><\/p>\n<ul>\n<li>Extens\u00e3o do per\u00edodo de amamenta\u00e7\u00e3o de nove para 12 meses, podendo ser usufru\u00eddo pelo pai ou pela m\u00e3e;<\/li>\n<li>Manuten\u00e7\u00e3o do pagamento de PLR e Programa Pr\u00f3prio sem compensa\u00e7\u00e3o de um pelo outro, como pretendia o banco;<\/li>\n<li>Inclus\u00e3o de uma cl\u00e1usula de rep\u00fadio \u00e0 viol\u00eancia contra a mulher, onde o banco se compromete em apoiar as banc\u00e1rias v\u00edtimas de viol\u00eancia;<\/li>\n<li>Termo de rela\u00e7\u00f5es laborais para prevenir e coibir o ass\u00e9dio moral e sexual;<\/li>\n<li>Reajuste do valor das bolsas de gradua\u00e7\u00e3o e p\u00f3s-gradua\u00e7\u00e3o pelo INPC em 2023 e 2024;<\/li>\n<li>Validade do acordo: 1\u00ba de setembro de 2022 a 31 de agosto de 2024;<\/li>\n<li>PPRS reajustado em 2022 em 8%, que ser\u00e1 pago em fevereiro de 2023 em parcela \u00fanica no valor de R$ 3.355,73;<\/li>\n<li>Para 2024, ser\u00e1 pago o valor reajustado pelo INPC do per\u00edodo, mais 0,5%;<\/li>\n<li>Est\u00e3o mantidas as faixas de renda do PPRS.<\/li>\n<\/ul>\n<p><strong>Fonte: Contraf-CUT<\/strong><\/p>\n<\/div>\n<\/div>\n<div class=\"elementor-element elementor-element-76b46e1 elementor-widget elementor-widget-post-info\" data-id=\"76b46e1\" data-element_type=\"widget\" data-widget_type=\"post-info.default\">\u00a0<\/div>\n","protected":false},"excerpt":{"rendered":"<p>Os representantes dos trabalhadores e do Santander assinaram, nesta ter\u00e7a-feira (27), o Acordo Coletivo de Trabalho (ACT) espec\u00edfico dos empregados do banco \u2013 aditivo \u00e0 Conven\u00e7\u00e3o Coletiva de Trabalho (CCT) da categoria banc\u00e1ria. O acordo tem vig\u00eancia at\u00e9 31 de agosto de 2024. Tamb\u00e9m foram assinados o ACT do Programa de Participa\u00e7\u00e3o nos Resultados Santander [&hellip;]<\/p>\n","protected":false},"author":2,"featured_media":13185,"comment_status":"","ping_status":"","sticky":false,"template":"","format":"standard","meta":{"footnotes":""},"categories":[3],"tags":[],"class_list":["post-13186","post","type-post","status-publish","format-standard","has-post-thumbnail","hentry","category-noticias"],"_links":{"self":[{"href":"https:\/\/hostnetart.com.br\/baixada\/wp-json\/wp\/v2\/posts\/13186","targetHints":{"allow":["GET"]}}],"collection":[{"href":"https:\/\/hostnetart.com.br\/baixada\/wp-json\/wp\/v2\/posts"}],"about":[{"href":"https:\/\/hostnetart.com.br\/baixada\/wp-json\/wp\/v2\/types\/post"}],"author":[{"embeddable":true,"href":"https:\/\/hostnetart.com.br\/baixada\/wp-json\/wp\/v2\/users\/2"}],"replies":[{"embeddable":true,"href":"https:\/\/hostnetart.com.br\/baixada\/wp-json\/wp\/v2\/comments?post=13186"}],"version-history":[{"count":0,"href":"https:\/\/hostnetart.com.br\/baixada\/wp-json\/wp\/v2\/posts\/13186\/revisions"}],"wp:featuredmedia":[{"embeddable":true,"href":"https:\/\/hostnetart.com.br\/baixada\/wp-json\/wp\/v2\/media\/13185"}],"wp:attachment":[{"href":"https:\/\/hostnetart.com.br\/baixada\/wp-json\/wp\/v2\/media?parent=13186"}],"wp:term":[{"taxonomy":"category","embeddable":true,"href":"https:\/\/hostnetart.com.br\/baixada\/wp-json\/wp\/v2\/categories?post=13186"},{"taxonomy":"post_tag","embeddable":true,"href":"https:\/\/hostnetart.com.br\/baixada\/wp-json\/wp\/v2\/tags?post=13186"}],"curies":[{"name":"wp","href":"https:\/\/api.w.org\/{rel}","templated":true}]}}