{"id":13180,"date":"2022-09-27T00:31:37","date_gmt":"2022-09-27T03:31:37","guid":{"rendered":"https:\/\/hostnetart.com.br\/baixada\/mais-um-ataque-do-mercantil-do-brasil-aos-funcionarios\/"},"modified":"2022-09-27T00:31:37","modified_gmt":"2022-09-27T03:31:37","slug":"mais-um-ataque-do-mercantil-do-brasil-aos-funcionarios","status":"publish","type":"post","link":"https:\/\/hostnetart.com.br\/baixada\/mais-um-ataque-do-mercantil-do-brasil-aos-funcionarios\/","title":{"rendered":"Mais um ataque do Mercantil do Brasil aos funcion\u00e1rios"},"content":{"rendered":"<p>O Banco Mercantil do Brasil segue buscando lucros cada vez mais exorbitantes, em detrimento da qualidade de vida e valoriza\u00e7\u00e3o dos seus trabalhadores. Esta \u00e9 a opini\u00e3o do coordenador da Comiss\u00e3o de Organiza\u00e7\u00e3o dos Empregados (COE) do Mercantil do Brasil, Marco Aur\u00e9lio Alves.<\/p>\n<p>Sindicatos de todo o pa\u00eds est\u00e3o mobilizados e aguardando orienta\u00e7\u00f5es jur\u00eddicas especializadas contratadas especialmente para este fim, para que sejam resguardados todos os direitos dos funcion\u00e1rios que contribuem com o plano, com descontos mensais sobre os sal\u00e1rios. \u201cN\u00e3o aceitaremos mais retrocessos do Mercantil do Brasil\u201d, disse Marco Aur\u00e9lio.<\/p>\n<p>O Mercantil e a Caixa de Assist\u00eancia Vicente de Ara\u00fajo (Cava) realizar\u00e3o uma reuni\u00e3o, na quarta-feira (28), das 14h \u00e0s 15h, com os participantes assistidos do plano para tratar da retirada do patroc\u00ednio do Banco Mercantil do Brasil.<\/p>\n<p>A reuni\u00e3o ser\u00e1 realizada pelo aplicativo Microsoft Teams, pelo link que est\u00e1 dispon\u00edvel na p\u00e1gina da\u00a0<a href=\"http:\/\/www.cava.org.br\/\" target=\"_blank\" rel=\"noopener noreferrer\">Cava<\/a>. Para acessar n\u00e3o \u00e9 necess\u00e1rio se inscrever, basta clicar no banner \u201cLive sobre Retirada de Patroc\u00ednio\u201d e comparecer no dia e hor\u00e1rio da reuni\u00e3o.<\/p>\n<p>Para Vanderci Ant\u00f4nio, funcion\u00e1rio do Mercantil do Brasil e diretor do Sindicato dos Banc\u00e1rios de Belo Horizonte, o momento \u00e9 de intensificar as mobiliza\u00e7\u00f5es, tanto de funcion\u00e1rios da ativa, como dos aposentados. \u201cDevemos lotar a reuni\u00e3o online e exigir explica\u00e7\u00f5es plaus\u00edveis sobre o porqu\u00ea do fim do patroc\u00ednio e tamb\u00e9m sobre a destina\u00e7\u00e3o do patrim\u00f4nio e recursos da Cava. \u00c9 imprescind\u00edvel que todos participem da live\u201d, concluiu.<\/p>\n<p><strong>Fonte:\u00a0Sindicato dos Banc\u00e1rios de BH e Regi\u00e3o, com edi\u00e7\u00f5es da Contraf-CUT<\/strong><\/p>\n","protected":false},"excerpt":{"rendered":"<p>O Banco Mercantil do Brasil segue buscando lucros cada vez mais exorbitantes, em detrimento da qualidade de vida e valoriza\u00e7\u00e3o dos seus trabalhadores. Esta \u00e9 a opini\u00e3o do coordenador da Comiss\u00e3o de Organiza\u00e7\u00e3o dos Empregados (COE) do Mercantil do Brasil, Marco Aur\u00e9lio Alves. Sindicatos de todo o pa\u00eds est\u00e3o mobilizados e aguardando orienta\u00e7\u00f5es jur\u00eddicas especializadas [&hellip;]<\/p>\n","protected":false},"author":2,"featured_media":13179,"comment_status":"","ping_status":"","sticky":false,"template":"","format":"standard","meta":{"footnotes":""},"categories":[3],"tags":[],"class_list":["post-13180","post","type-post","status-publish","format-standard","has-post-thumbnail","hentry","category-noticias"],"_links":{"self":[{"href":"https:\/\/hostnetart.com.br\/baixada\/wp-json\/wp\/v2\/posts\/13180","targetHints":{"allow":["GET"]}}],"collection":[{"href":"https:\/\/hostnetart.com.br\/baixada\/wp-json\/wp\/v2\/posts"}],"about":[{"href":"https:\/\/hostnetart.com.br\/baixada\/wp-json\/wp\/v2\/types\/post"}],"author":[{"embeddable":true,"href":"https:\/\/hostnetart.com.br\/baixada\/wp-json\/wp\/v2\/users\/2"}],"replies":[{"embeddable":true,"href":"https:\/\/hostnetart.com.br\/baixada\/wp-json\/wp\/v2\/comments?post=13180"}],"version-history":[{"count":0,"href":"https:\/\/hostnetart.com.br\/baixada\/wp-json\/wp\/v2\/posts\/13180\/revisions"}],"wp:featuredmedia":[{"embeddable":true,"href":"https:\/\/hostnetart.com.br\/baixada\/wp-json\/wp\/v2\/media\/13179"}],"wp:attachment":[{"href":"https:\/\/hostnetart.com.br\/baixada\/wp-json\/wp\/v2\/media?parent=13180"}],"wp:term":[{"taxonomy":"category","embeddable":true,"href":"https:\/\/hostnetart.com.br\/baixada\/wp-json\/wp\/v2\/categories?post=13180"},{"taxonomy":"post_tag","embeddable":true,"href":"https:\/\/hostnetart.com.br\/baixada\/wp-json\/wp\/v2\/tags?post=13180"}],"curies":[{"name":"wp","href":"https:\/\/api.w.org\/{rel}","templated":true}]}}