{"id":1318,"date":"2014-05-27T00:00:00","date_gmt":"2014-05-27T03:00:00","guid":{"rendered":"https:\/\/hostnetart.com.br\/baixada\/em-avaliacao-do-projeto-piloto-bancarios-cobram-bo-de-todos-os-ataques\/"},"modified":"2014-05-27T00:00:00","modified_gmt":"2014-05-27T03:00:00","slug":"em-avaliacao-do-projeto-piloto-bancarios-cobram-bo-de-todos-os-ataques","status":"publish","type":"post","link":"https:\/\/hostnetart.com.br\/baixada\/em-avaliacao-do-projeto-piloto-bancarios-cobram-bo-de-todos-os-ataques\/","title":{"rendered":"Em avalia\u00e7\u00e3o do projeto-piloto, banc\u00e1rios cobram BO de todos os ataques"},"content":{"rendered":"<p>A Contraf-CUT e o Sindicato dos Banc\u00e1rios de Pernambuco cobraram da Fenaban a emiss\u00e3o de Boletim de Ocorr\u00eancia (BO) em todos os ataques sofridos pelos bancos. A cobran\u00e7a foi feita nesta segunda-feira, dia 26, durante a quinta reuni\u00e3o do Grupo de Acompanhamento do Projeto-piloto de Seguran\u00e7a Banc\u00e1ria, realizada no Recife.<\/p>\n<p>Durante os debates, os representantes da Secretaria de Defesa Social (SDS) de Pernambuco revelaram que os bancos n\u00e3o est\u00e3o registrando BO em todas as ocorr\u00eancias. A Fenaban justificou que tem aberto boletins no caso de assaltos, mas confessou que tem deixado de registrar ocorr\u00eancias de arrombamento e furto.<\/p>\n<p>A presidenta do Sindicato, Jaqueline Mello, destacou para os representantes da Fenaban que os bancos est\u00e3o descumprindo a cl\u00e1usula 32\u00aa da Conven\u00e7\u00e3o Coletiva de Trabalho (CCT) dos banc\u00e1rios, que garante a obrigatoriedade da emiss\u00e3o do BO em todas as ocorr\u00eancias. \u201cCobramos que os bancos regularizem imediatamente a situa\u00e7\u00e3o\u201d, disse Jaqueline.<\/p>\n<p>Para o diretor da Contraf-CUT e coordenador do Coletivo Nacional de Seguran\u00e7a Banc\u00e1ria, Ademir Wiederkehr, o registro de todas as ocorr\u00eancias \u00e9 fundamental para auxiliar os sindicatos, os bancos e a pr\u00f3pria pol\u00edcia no trabalho de preven\u00e7\u00e3o \u00e0 criminalidade.<\/p>\n<p>\u201cPrecisamos conhecer as reais fragilidades das ag\u00eancias para que os banc\u00e1rios, os vigilantes e os clientes n\u00e3o fiquem expostos \u00e0 inseguran\u00e7a. Queremos proteger a vida das pessoas e, mesmo que o crime tenha ocorrido sem v\u00edtimas, temos de saber quais foram as vulnerabilidades para corrigi-las\u201d, justificou Ademir.<\/p>\n<p>Os dirigentes sindicais defenderam o envio de c\u00f3pia do BO pelos bancos ao sindicato local e \u00e0 Contraf-CUT, conforme consta na pauta de reivindica\u00e7\u00f5es das \u00faltimas campanhas nacionais. \u201cIsso permitiria que as entidades possam fiscalizar o cumprimento da cl\u00e1usula da CCT, acompanhar as v\u00edtimas dos ataques a bancos e discutir medidas para melhorar a seguran\u00e7a dos estabelecimentos\u201d, salientou Ademir.<\/p>\n<p><strong>Mais seguran\u00e7a\u00a0<\/strong><\/p>\n<p>Assinado em 14 de maio de 2013, o Projeto-piloto de Seguran\u00e7a Banc\u00e1ria foi implantado h\u00e1 nove meses em 209 ag\u00eancias de Recife, Olinda e Jaboat\u00e3o dos Guararapes. De l\u00e1 para c\u00e1, o n\u00famero de assaltos a banco nestas tr\u00eas cidades caiu em 34%, segundo dados apresentados na reuni\u00e3o desta segunda-feira \u2013 foram oito assaltos desde agosto, contra 12 no mesmo per\u00edodo do ano anterior.<\/p>\n<p>A Contraf-CUT e o Sindicato cobraram mais dados da Fenaban e da SDS, tanto sobre ataques a bancos como no que se refere aos crimes de \u201csaidinha de banco\u201d.<\/p>\n<p>\u201cSolicitamos dados dos dois anos anteriores ao projeto-piloto (de agosto de 2011 a julho de 2013) e ap\u00f3s a implantado dos itens de seguran\u00e7a (de agosto de 2013 para c\u00e1), a fim de comparar a evolu\u00e7\u00e3o das ocorr\u00eancias e verificar a efic\u00e1cia das medidas do projeto-piloto\u201d, explicou Ademir.<\/p>\n<p>O representante da Pol\u00edcia Civil se comprometeu a enviar os dados solicitados nos pr\u00f3ximos dias. Os policiais, por\u00e9m, disseram que os casos de \u201csaidinha de banco\u201d s\u00e3o bastante subnotificados, j\u00e1 que boa parte das v\u00edtimas n\u00e3o registra Boletim de Ocorr\u00eancia.<\/p>\n<p>\u201cOs representantes da Secretaria rebateram a alega\u00e7\u00e3o dos bancos de que a \u2018saidinha de banco\u2019 n\u00e3o estava bem caracterizada e disseram que esse crime est\u00e1 muito bem tipificado e devidamente regulamentado\u201d, disse Ademir.<\/p>\n<p>Segundo Jaqueline, a Fenaban ainda tentou minimizar a import\u00e2ncia da \u201csaidinha de banco\u201d, alegando que esse tipo de crime n\u00e3o \u00e9 objeto do projeto-piloto. \u201cRefutamos na hora essa afirma\u00e7\u00e3o da Fenaban e mostramos que este \u00e9 sim um dos objetos do projeto. N\u00e3o \u00e9 \u00e0 toa que entre os itens de seguran\u00e7a instalados est\u00e3o os biombos entre os caixas para dar privacidade nas transa\u00e7\u00f5es e as c\u00e2meras nas \u00e1reas internas e externas. No final, acho que fizemos um bom debate com a Fenaban\u201d, conta Jaqueline.<\/p>\n<p><strong>Vidros blindados<\/strong><\/p>\n<p>O Sindicato e a Contraf-CUT voltaram a exigir dos bancos a instala\u00e7\u00e3o de vidros blindados nas fachadas das ag\u00eancias. Esse item de seguran\u00e7a n\u00e3o est\u00e1 previsto no projeto-piloto. Os bancos sempre alegaram que este item n\u00e3o fazia diferen\u00e7a, j\u00e1 que os casos de assaltantes que entravam nas ag\u00eancias quebrando os vidros eram espor\u00e1dicos.<\/p>\n<p>\u201cNo entanto, dos oito assaltos sofridos em Recife, Olinda e Jaboat\u00e3o ap\u00f3s a implanta\u00e7\u00e3o do projeto-piloto, quatro s\u00f3 foram poss\u00edveis porque os bandidos quebraram o vidro das ag\u00eancias utilizando marretas. Reafirmamos a import\u00e2ncia dos vidros blindados, porque banco n\u00e3o \u00e9 butique e n\u00e3o pode ter fragilidade alguma na seguran\u00e7a\u201d, destacou Ademir.<\/p>\n<p><strong>Adequa\u00e7\u00f5es nos biombos<\/strong><\/p>\n<p>O diretor do Sindicato, Jo\u00e3o Rufino, relatou na reuni\u00e3o que um dos problemas do projeto-piloto eram os biombos instalados de forma irregular. \u201cConstatamos nos \u00faltimos dias que o Ita\u00fa corrigiu os problemas que apontamos e agora os biombos est\u00e3o instalados de forma correta. O \u00fanico banco que ainda tem problemas nesta \u00e1rea \u00e9 o Banco do Brasil\u201d, disse.<\/p>\n<p>Al\u00e9m dos biombos e das c\u00e2meras nas \u00e1reas internas e externas das ag\u00eancias, o projeto-piloto garantiu, tamb\u00e9m, a instala\u00e7\u00e3o de porta girat\u00f3ria com detector de metais, guarda-volumes e cofres com retardo, al\u00e9m da presen\u00e7a de vigilantes armados e com coletes a prova de balas.<\/p>\n<p>A pr\u00f3xima reuni\u00e3o ficou marcada para o dia 21 de julho.<\/p>\n<p><strong>Participa\u00e7\u00e3o<\/strong><\/p>\n<p>Tamb\u00e9m participaram da reuni\u00e3o a diretora do Sindicato de Pernambuco, Suzineide Rodrigues, e o diretor do Sindicato dos Banc\u00e1rios de S\u00e3o Paulo, Carlos Damarindo.<\/p>\n<p>A SDS foi representada por um investigador da Pol\u00edcia Civil e por dois coron\u00e9is da Pol\u00edcia Militar. J\u00e1 as prefeituras das tr\u00eas cidades do projeto-piloto e o Minist\u00e9rio P\u00fablico, mais uma vez, n\u00e3o compareceram.<\/p>\n<p>Fonte: ContrafCUT com Seec Pernambuco<\/p>\n","protected":false},"excerpt":{"rendered":"<p>A Contraf-CUT e o Sindicato dos Banc\u00e1rios de Pernambuco cobraram da Fenaban a emiss\u00e3o de Boletim de Ocorr\u00eancia (BO) em todos os ataques sofridos pelos bancos. A cobran\u00e7a foi feita nesta segunda-feira, dia 26, durante a quinta reuni\u00e3o do Grupo de Acompanhamento do Projeto-piloto de Seguran\u00e7a Banc\u00e1ria, realizada no Recife. Durante os debates, os representantes [&hellip;]<\/p>\n","protected":false},"author":1,"featured_media":0,"comment_status":"","ping_status":"","sticky":false,"template":"","format":"standard","meta":{"footnotes":""},"categories":[3],"tags":[],"class_list":["post-1318","post","type-post","status-publish","format-standard","hentry","category-noticias"],"_links":{"self":[{"href":"https:\/\/hostnetart.com.br\/baixada\/wp-json\/wp\/v2\/posts\/1318","targetHints":{"allow":["GET"]}}],"collection":[{"href":"https:\/\/hostnetart.com.br\/baixada\/wp-json\/wp\/v2\/posts"}],"about":[{"href":"https:\/\/hostnetart.com.br\/baixada\/wp-json\/wp\/v2\/types\/post"}],"author":[{"embeddable":true,"href":"https:\/\/hostnetart.com.br\/baixada\/wp-json\/wp\/v2\/users\/1"}],"replies":[{"embeddable":true,"href":"https:\/\/hostnetart.com.br\/baixada\/wp-json\/wp\/v2\/comments?post=1318"}],"version-history":[{"count":0,"href":"https:\/\/hostnetart.com.br\/baixada\/wp-json\/wp\/v2\/posts\/1318\/revisions"}],"wp:attachment":[{"href":"https:\/\/hostnetart.com.br\/baixada\/wp-json\/wp\/v2\/media?parent=1318"}],"wp:term":[{"taxonomy":"category","embeddable":true,"href":"https:\/\/hostnetart.com.br\/baixada\/wp-json\/wp\/v2\/categories?post=1318"},{"taxonomy":"post_tag","embeddable":true,"href":"https:\/\/hostnetart.com.br\/baixada\/wp-json\/wp\/v2\/tags?post=1318"}],"curies":[{"name":"wp","href":"https:\/\/api.w.org\/{rel}","templated":true}]}}