{"id":13178,"date":"2022-09-23T18:45:36","date_gmt":"2022-09-23T21:45:36","guid":{"rendered":"https:\/\/hostnetart.com.br\/baixada\/negociacao-dos-financiarios-volta-e-continua-sem-avancos\/"},"modified":"2022-09-23T18:45:36","modified_gmt":"2022-09-23T21:45:36","slug":"negociacao-dos-financiarios-volta-e-continua-sem-avancos","status":"publish","type":"post","link":"https:\/\/hostnetart.com.br\/baixada\/negociacao-dos-financiarios-volta-e-continua-sem-avancos\/","title":{"rendered":"Negocia\u00e7\u00e3o dos financi\u00e1rios volta e continua sem avan\u00e7os"},"content":{"rendered":"<p>Mesmo depois de tanto tempo sem negocia\u00e7\u00e3o, a Federa\u00e7\u00e3o Interestadual das Institui\u00e7\u00f5es de Cr\u00e9dito, Financiamento e Investimento (Fenacrefi) insiste numa proposta muito abaixo das aspira\u00e7\u00f5es da categoria.\u00a0<a href=\"https:\/\/contrafcut.com.br\/noticias\/contraf-cut-cobra-celeridade-da-fenacrefi\/\">A reuni\u00e3o da manh\u00e3 desta quinta-feira (22), s\u00f3 aconteceu depois da cobran\u00e7a, na segunda-feira (19), da Confedera\u00e7\u00e3o Nacional dos Trabalhadores do Ramo Financeiro (Contraf-CUT), para dar continuidade \u00e0s negocia\u00e7\u00f5es da Campanha Nacional 2022<\/a>.<\/p>\n<p>A pauta de reivindica\u00e7\u00f5es da categoria, com data-base em 1\u00ba de junho, foi entregue no dia 15 de junho. De l\u00e1 para c\u00e1, apenas uma reuni\u00e3o foi realizada, no dia 31 de agosto, na qual os financi\u00e1rios receberam uma proposta de 8% de reajuste nos itens econ\u00f4micos, para o pr\u00f3ximo per\u00edodo de um ano. A categoria exige um \u00edndice maior, pr\u00f3ximo do INPC do per\u00edodo, que \u00e9 de 11,9%, bem como um acordo que englobe um per\u00edodo de mais 12 meses.<\/p>\n<p>Entretanto, a Fenacrefi ofereceu uma proposta de reajuste de 8,5% para sal\u00e1rios e outros itens econ\u00f4micos da Conven\u00e7\u00e3o; 9% para os vales alimenta\u00e7\u00e3o e refei\u00e7\u00e3o e reajuste linear pelo INPC em 2023.<\/p>\n<p>\u201cN\u00f3s queremos encerrar a campanha em breve, mas precisamos que os anseios dos trabalhadores sejam atendidos. N\u00e3o temos como aceitar uma proposta t\u00e3o baixa como esta, por isso j\u00e1 negamos em mesa\u201d, explicou o dirigente sindical e coordenador do Coletivo dos Financi\u00e1rios da Confedera\u00e7\u00e3o Nacional dos Trabalhadores do Ramo Financeiro (Contraf-CUT), Jair Alves. \u201cEsperamos que as negocia\u00e7\u00f5es sejam retomadas de vez, com intervalos menores entre as reuni\u00f5es, para que possamos chegar a um resultado melhor para a categoria\u201d, completou.<\/p>\n<p>A categoria quer a manuten\u00e7\u00e3o de todos os direitos previstos na atual Conven\u00e7\u00e3o Coletiva de Trabalho, avan\u00e7ar com a regulamenta\u00e7\u00e3o do teletrabalho e melhorias nas quest\u00f5es de sa\u00fade, como aumento do prazo de extens\u00e3o do plano aos demitidos e cl\u00e1usulas espec\u00edficas sobre tratamento da covid e suas sequelas. Os representantes dos financi\u00e1rios tamb\u00e9m pedem transpar\u00eancia nos dados das empresas, quantas s\u00e3o e qual o n\u00famero de funcion\u00e1rios, para que as negocia\u00e7\u00f5es possam ser mais representativas, para atender de fato \u00e0s necessidades da categoria.<\/p>\n<p><strong>Fonte: Contraf-CUT<\/strong><\/p>\n","protected":false},"excerpt":{"rendered":"<p>Mesmo depois de tanto tempo sem negocia\u00e7\u00e3o, a Federa\u00e7\u00e3o Interestadual das Institui\u00e7\u00f5es de Cr\u00e9dito, Financiamento e Investimento (Fenacrefi) insiste numa proposta muito abaixo das aspira\u00e7\u00f5es da categoria.\u00a0A reuni\u00e3o da manh\u00e3 desta quinta-feira (22), s\u00f3 aconteceu depois da cobran\u00e7a, na segunda-feira (19), da Confedera\u00e7\u00e3o Nacional dos Trabalhadores do Ramo Financeiro (Contraf-CUT), para dar continuidade \u00e0s negocia\u00e7\u00f5es [&hellip;]<\/p>\n","protected":false},"author":2,"featured_media":13177,"comment_status":"","ping_status":"","sticky":false,"template":"","format":"standard","meta":{"footnotes":""},"categories":[3],"tags":[],"class_list":["post-13178","post","type-post","status-publish","format-standard","has-post-thumbnail","hentry","category-noticias"],"_links":{"self":[{"href":"https:\/\/hostnetart.com.br\/baixada\/wp-json\/wp\/v2\/posts\/13178","targetHints":{"allow":["GET"]}}],"collection":[{"href":"https:\/\/hostnetart.com.br\/baixada\/wp-json\/wp\/v2\/posts"}],"about":[{"href":"https:\/\/hostnetart.com.br\/baixada\/wp-json\/wp\/v2\/types\/post"}],"author":[{"embeddable":true,"href":"https:\/\/hostnetart.com.br\/baixada\/wp-json\/wp\/v2\/users\/2"}],"replies":[{"embeddable":true,"href":"https:\/\/hostnetart.com.br\/baixada\/wp-json\/wp\/v2\/comments?post=13178"}],"version-history":[{"count":0,"href":"https:\/\/hostnetart.com.br\/baixada\/wp-json\/wp\/v2\/posts\/13178\/revisions"}],"wp:featuredmedia":[{"embeddable":true,"href":"https:\/\/hostnetart.com.br\/baixada\/wp-json\/wp\/v2\/media\/13177"}],"wp:attachment":[{"href":"https:\/\/hostnetart.com.br\/baixada\/wp-json\/wp\/v2\/media?parent=13178"}],"wp:term":[{"taxonomy":"category","embeddable":true,"href":"https:\/\/hostnetart.com.br\/baixada\/wp-json\/wp\/v2\/categories?post=13178"},{"taxonomy":"post_tag","embeddable":true,"href":"https:\/\/hostnetart.com.br\/baixada\/wp-json\/wp\/v2\/tags?post=13178"}],"curies":[{"name":"wp","href":"https:\/\/api.w.org\/{rel}","templated":true}]}}